{"id":52188,"date":"2025-09-26T10:33:45","date_gmt":"2025-09-26T13:33:45","guid":{"rendered":"https:\/\/hablemosclarotdf.com.ar\/?p=52188"},"modified":"2025-09-26T10:33:45","modified_gmt":"2025-09-26T13:33:45","slug":"blanco-con-la-discapacidad-no-se-ajusta-milei-debe-cumplir-la-ley","status":"publish","type":"post","link":"https:\/\/hablemosclarotdf.com.ar\/?p=52188","title":{"rendered":"Blanco: \u201cCon la discapacidad no se ajusta: Milei debe cumplir la ley\u201d"},"content":{"rendered":"<table id=\"m_3303857045765747889root\" border=\"0\" width=\"100%\" cellspacing=\"0\" cellpadding=\"0\">\n<tbody>\n<tr>\n<td align=\"center\" valign=\"top\">\n<table role=\"presentation\" border=\"0\" width=\"100%\" cellspacing=\"0\" cellpadding=\"0\">\n<tbody>\n<tr>\n<td valign=\"top\">\n<table role=\"presentation\" border=\"0\" width=\"100%\" cellspacing=\"0\" cellpadding=\"0\" align=\"center\">\n<tbody>\n<tr>\n<td valign=\"top\">\n<table role=\"presentation\" border=\"0\" width=\"100%\" cellspacing=\"0\" cellpadding=\"0\">\n<tbody>\n<tr>\n<td id=\"m_3303857045765747889mceColumnId--6\" class=\"m_3303857045765747889mceColumn\" colspan=\"12\" valign=\"top\" width=\"100%\">\n<table role=\"presentation\" border=\"0\" width=\"100%\" cellspacing=\"0\" cellpadding=\"0\">\n<tbody>\n<tr>\n<td id=\"m_3303857045765747889b15\" valign=\"top\">\n<table id=\"m_3303857045765747889section_0d29775288ad61b981181bfcbeab14b9\" class=\"m_3303857045765747889mceFooterSection\" role=\"presentation\" border=\"0\" width=\"100%\" cellspacing=\"0\" cellpadding=\"0\" align=\"center\">\n<tbody>\n<tr>\n<td valign=\"top\">\n<table role=\"presentation\" border=\"0\" width=\"100%\" cellspacing=\"12\" cellpadding=\"0\">\n<tbody>\n<tr>\n<td id=\"m_3303857045765747889mceColumnId--3\" class=\"m_3303857045765747889mceColumn\" colspan=\"12\" valign=\"top\" width=\"100%\">\n<table role=\"presentation\" border=\"0\" width=\"100%\" cellspacing=\"0\" cellpadding=\"0\">\n<tbody>\n<tr>\n<td id=\"m_3303857045765747889gutterContainerId-13\" valign=\"top\">\n<table role=\"presentation\" border=\"0\" width=\"100%\" cellspacing=\"0\" cellpadding=\"0\">\n<tbody>\n<tr>\n<td id=\"m_3303857045765747889b13\" align=\"center\" valign=\"top\">\n<div class=\"m_3303857045765747889mceText\">\n<div class=\"m_3303857045765747889mceText\"><\/div>\n<\/div>\n<div id=\"m_3303857045765747889d13\" class=\"m_3303857045765747889mceText\"><\/div>\n<table width=\"100%\">\n<tbody>\n<tr>\n<td class=\"m_3303857045765747889mceTextBlockContainer\">\n<div class=\"m_3303857045765747889mceText\">\n<div class=\"m_3303857045765747889mceText\"><\/div>\n<\/div>\n<\/td>\n<\/tr>\n<\/tbody>\n<tbody>\n<tr>\n<td align=\"center\" valign=\"top\">\n<table role=\"presentation\" border=\"0\" width=\"100%\" cellspacing=\"0\" cellpadding=\"0\">\n<tbody>\n<tr>\n<td valign=\"top\">\n<table role=\"presentation\" border=\"0\" width=\"100%\" cellspacing=\"0\" cellpadding=\"0\" align=\"center\">\n<tbody>\n<tr>\n<td valign=\"top\">\n<table role=\"presentation\" border=\"0\" width=\"100%\" cellspacing=\"0\" cellpadding=\"0\">\n<tbody>\n<tr>\n<td id=\"m_3303857045765747889mceColumnId--5\" class=\"m_3303857045765747889mceColumn\" colspan=\"12\" valign=\"top\" width=\"100%\">\n<table role=\"presentation\" border=\"0\" width=\"100%\" cellspacing=\"0\" cellpadding=\"0\">\n<tbody>\n<tr>\n<td id=\"m_3303857045765747889gutterContainerId-5\" valign=\"top\">\n<table role=\"presentation\" border=\"0\" width=\"100%\" cellspacing=\"0\" cellpadding=\"0\">\n<tbody>\n<tr>\n<td id=\"m_3303857045765747889b5\" valign=\"top\">\n<table width=\"100%\">\n<tbody>\n<tr>\n<td class=\"m_3303857045765747889mceTextBlockContainer\">\n<div id=\"m_3303857045765747889d5\" class=\"m_3303857045765747889mceText\">\n<p>El senador nacional por Tierra del Fuego y candidato por Provincias Unidas, Pablo Daniel Blanco, cuestion\u00f3 duramente al Gobierno nacional tras la promulgaci\u00f3n de la Ley de Emergencia en Discapacidad mediante el Decreto 681\/25, que suspende su aplicaci\u00f3n hasta tanto el Congreso determine la fuente de financiamiento.<\/p>\n<p>\u201cMilei no termina de entender que con la discapacidad no se juega. La promulgaci\u00f3n de la ley y su posterior suspensi\u00f3n es una medida inconstitucional, insensible y profundamente irresponsable\u201d, expres\u00f3 Blanco, quien calific\u00f3 el decreto como \u201cnulo de nulidad absoluta e insanable\u201d.<\/p>\n<p>\u201cEl Ejecutivo no puede arrogarse la facultad de suspender una ley ya sancionada y promulgada. Los recursos necesarios existen: est\u00e1n dentro del presupuesto reconducido destinado a discapacidad, y deben ser actualizados seg\u00fan la evoluci\u00f3n de los ingresos del Estado\u201d, se\u00f1al\u00f3 Blanco.<\/p>\n<p>El senador fueguino advirti\u00f3 adem\u00e1s que el decreto presidencial viola el principio de divisi\u00f3n de poderes y vulnera derechos constitucionales al desconocer el rol del Congreso y la voluntad expresada por sus representantes.<\/p>\n<p>\u201cEl ajuste no puede pasar por quienes m\u00e1s lo necesitan. Esta ley no es un gasto, es una respuesta urgente a una situaci\u00f3n cr\u00edtica. Milei tiene que entender que gobernar no es castigar, es garantizar derechos\u201d, concluy\u00f3.<\/p>\n<\/div>\n<\/td>\n<\/tr>\n<\/tbody>\n<\/table>\n<\/td>\n<\/tr>\n<\/tbody>\n<\/table>\n<\/td>\n<\/tr>\n<\/tbody>\n<\/table>\n<\/td>\n<\/tr>\n<\/tbody>\n<\/table>\n<\/td>\n<\/tr>\n<\/tbody>\n<\/table>\n<\/td>\n<\/tr>\n<\/tbody>\n<\/table>\n<\/td>\n<\/tr>\n<\/tbody>\n<tbody>\n<tr>\n<td align=\"center\" valign=\"top\">\n<table role=\"presentation\" border=\"0\" width=\"100%\" cellspacing=\"0\" cellpadding=\"0\">\n<tbody>\n<tr>\n<td valign=\"top\">\n<table role=\"presentation\" border=\"0\" width=\"100%\" cellspacing=\"0\" cellpadding=\"0\" align=\"center\">\n<tbody>\n<tr>\n<td valign=\"top\">\n<table role=\"presentation\" border=\"0\" width=\"100%\" cellspacing=\"0\" cellpadding=\"0\">\n<tbody>\n<tr>\n<td id=\"m_3303857045765747889mceColumnId--6\" class=\"m_3303857045765747889mceColumn\" colspan=\"12\" valign=\"top\" width=\"100%\">\n<table role=\"presentation\" border=\"0\" width=\"100%\" cellspacing=\"0\" cellpadding=\"0\">\n<tbody>\n<tr>\n<td id=\"m_3303857045765747889b15\" valign=\"top\">\n<table id=\"m_3303857045765747889section_0d29775288ad61b981181bfcbeab14b9\" class=\"m_3303857045765747889mceFooterSection\" role=\"presentation\" border=\"0\" width=\"100%\" cellspacing=\"0\" cellpadding=\"0\" align=\"center\">\n<tbody>\n<tr>\n<td valign=\"top\">\n<table role=\"presentation\" border=\"0\" width=\"100%\" cellspacing=\"12\" cellpadding=\"0\">\n<tbody>\n<tr>\n<td id=\"m_3303857045765747889mceColumnId--3\" class=\"m_3303857045765747889mceColumn\" colspan=\"12\" valign=\"top\" width=\"100%\">\n<table role=\"presentation\" border=\"0\" width=\"100%\" cellspacing=\"0\" cellpadding=\"0\">\n<tbody>\n<tr>\n<td id=\"m_3303857045765747889gutterContainerId-13\" valign=\"top\">\n<table role=\"presentation\" border=\"0\" width=\"100%\" cellspacing=\"0\" cellpadding=\"0\">\n<tbody>\n<tr>\n<td id=\"m_3303857045765747889b13\" align=\"center\" valign=\"top\">\n<table width=\"100%\">\n<tbody>\n<tr>\n<td class=\"m_3303857045765747889mceTextBlockContainer\">\n<div id=\"m_3303857045765747889d13\" class=\"m_3303857045765747889mceText\"><\/div>\n<\/td>\n<\/tr>\n<\/tbody>\n<\/table>\n<\/td>\n<\/tr>\n<\/tbody>\n<\/table>\n<\/td>\n<\/tr>\n<\/tbody>\n<\/table>\n<\/td>\n<\/tr>\n<\/tbody>\n<\/table>\n<\/td>\n<\/tr>\n<\/tbody>\n<\/table>\n<\/td>\n<\/tr>\n<\/tbody>\n<\/table>\n<\/td>\n<\/tr>\n<\/tbody>\n<\/table>\n<\/td>\n<\/tr>\n<\/tbody>\n<\/table>\n<\/td>\n<\/tr>\n<\/tbody>\n<\/table>\n<\/td>\n<\/tr>\n<\/tbody>\n<\/table>\n<\/td>\n<\/tr>\n<\/tbody>\n<\/table>\n<\/td>\n<\/tr>\n<\/tbody>\n<\/table>\n<\/td>\n<\/tr>\n<\/tbody>\n<\/table>\n<\/td>\n<\/tr>\n<\/tbody>\n<\/table>\n<\/td>\n<\/tr>\n<\/tbody>\n<\/table>\n<\/td>\n<\/tr>\n<\/tbody>\n<\/table>\n<\/td>\n<\/tr>\n<\/tbody>\n<\/table>\n<\/td>\n<\/tr>\n<\/tbody>\n<\/table>\n<\/td>\n<\/tr>\n<\/tbody>\n<\/table>\n","protected":false},"excerpt":{"rendered":"<p>El senador nacional por Tierra del Fuego y candidato por Provincias Unidas, Pablo Daniel Blanco,&#8230;<\/p>\n","protected":false},"author":1,"featured_media":52189,"comment_status":"closed","ping_status":"closed","sticky":false,"template":"","format":"standard","meta":{"footnotes":""},"categories":[3],"tags":[],"class_list":["post-52188","post","type-post","status-publish","format-standard","has-post-thumbnail","hentry","category-noticias"],"jetpack_featured_media_url":"https:\/\/hablemosclarotdf.com.ar\/wp-content\/uploads\/2025\/09\/download-5.jpg","_links":{"self":[{"href":"https:\/\/hablemosclarotdf.com.ar\/index.php?rest_route=\/wp\/v2\/posts\/52188","targetHints":{"allow":["GET"]}}],"collection":[{"href":"https:\/\/hablemosclarotdf.com.ar\/index.php?rest_route=\/wp\/v2\/posts"}],"about":[{"href":"https:\/\/hablemosclarotdf.com.ar\/index.php?rest_route=\/wp\/v2\/types\/post"}],"author":[{"embeddable":true,"href":"https:\/\/hablemosclarotdf.com.ar\/index.php?rest_route=\/wp\/v2\/users\/1"}],"replies":[{"embeddable":true,"href":"https:\/\/hablemosclarotdf.com.ar\/index.php?rest_route=%2Fwp%2Fv2%2Fcomments&post=52188"}],"version-history":[{"count":1,"href":"https:\/\/hablemosclarotdf.com.ar\/index.php?rest_route=\/wp\/v2\/posts\/52188\/revisions"}],"predecessor-version":[{"id":52190,"href":"https:\/\/hablemosclarotdf.com.ar\/index.php?rest_route=\/wp\/v2\/posts\/52188\/revisions\/52190"}],"wp:featuredmedia":[{"embeddable":true,"href":"https:\/\/hablemosclarotdf.com.ar\/index.php?rest_route=\/wp\/v2\/media\/52189"}],"wp:attachment":[{"href":"https:\/\/hablemosclarotdf.com.ar\/index.php?rest_route=%2Fwp%2Fv2%2Fmedia&parent=52188"}],"wp:term":[{"taxonomy":"category","embeddable":true,"href":"https:\/\/hablemosclarotdf.com.ar\/index.php?rest_route=%2Fwp%2Fv2%2Fcategories&post=52188"},{"taxonomy":"post_tag","embeddable":true,"href":"https:\/\/hablemosclarotdf.com.ar\/index.php?rest_route=%2Fwp%2Fv2%2Ftags&post=52188"}],"curies":[{"name":"wp","href":"https:\/\/api.w.org\/{rel}","templated":true}]}}