{"id":52185,"date":"2025-09-26T10:30:46","date_gmt":"2025-09-26T13:30:46","guid":{"rendered":"https:\/\/hablemosclarotdf.com.ar\/?p=52185"},"modified":"2025-09-26T10:30:46","modified_gmt":"2025-09-26T13:30:46","slug":"el-museo-fueguino-de-arte-inaugura-la-muestra-tus-manos-de-la-artista-graciela-schwartz","status":"publish","type":"post","link":"https:\/\/hablemosclarotdf.com.ar\/?p=52185","title":{"rendered":"EL MUSEO FUEGUINO DE ARTE INAUGURA LA MUESTRA \u201cTUS MANOS\u201d DE LA ARTISTA GRACIELA SCHWARTZ"},"content":{"rendered":"<p>La Secretaria de Cultura provincial invita a la comunidad a participar de la inauguraci\u00f3n de &#8220;Tus Manos&#8221;, una muestra de la artista Graciela Schwartz que explora la humanidad y la historia a trav\u00e9s del gesto de tomarse de las manos.<\/p>\n<p>La inauguraci\u00f3n se llevar\u00e1 a cabo en el Museo Fueguino de Arte Nini Bernardello el s\u00e1bado 27 de septiembre a las 18:00 h.<\/p>\n<p>&#8220;Tus Manos&#8221; es el resultado de una profunda investigaci\u00f3n de la artista, quien se ha especializado en reconstruir y asociar im\u00e1genes fotogr\u00e1ficas y recuerdos. La idea naci\u00f3 a partir de una fotograf\u00eda de su propio archivo familiar, en la que un hombre y un ni\u00f1o se toman de la mano. Este gesto la llev\u00f3 a recorrer desde mercadillos de fotograf\u00edas antiguas hasta el Archivo General de la Naci\u00f3n, buscando este acto de conexi\u00f3n entre personas.<\/p>\n<p>El proyecto de Schwartz no solo rescata un gesto humano repetido a lo largo de la historia, sino que tambi\u00e9n lo transforma en un puente entre lo \u00edntimo y lo colectivo.<\/p>\n<p>La exhibici\u00f3n, de car\u00e1cter multidisciplinario, narra una historia de migraci\u00f3n y humanidad a trav\u00e9s de diversas t\u00e9cnicas, incluyendo serigraf\u00edas acuareladas sobre papel, serigraf\u00edas sobre textil, dibujo y cer\u00e1mica.<\/p>\n<p>Graciela Schwartz, nacida en Buenos Aires, divide su tiempo entre la capital argentina y Saint-Mand\u00e9, Francia. Su formaci\u00f3n en arqueolog\u00eda le permiti\u00f3 conocer a alfareros con saberes ancestrales, lo que influy\u00f3 en su trabajo como ceramista, enfoc\u00e1ndose en la transposici\u00f3n de im\u00e1genes sobre papel y textil. Su obra ha sido exhibida en salones, museos y galer\u00edas de Argentina, Francia y otros pa\u00edses de Europa.<\/p>\n<p>La muestra &#8220;Tus Manos&#8221; estar\u00e1 abierta al p\u00fablico desde su inauguraci\u00f3n hasta el viernes 17 de octubre.Para m\u00e1s informaci\u00f3n seguir las redes sociales de @conocimientotdf.<\/p>\n","protected":false},"excerpt":{"rendered":"<p>La Secretaria de Cultura provincial invita a la comunidad a participar de la inauguraci\u00f3n de&#8230;<\/p>\n","protected":false},"author":1,"featured_media":52186,"comment_status":"closed","ping_status":"closed","sticky":false,"template":"","format":"standard","meta":{"footnotes":""},"categories":[3],"tags":[],"class_list":["post-52185","post","type-post","status-publish","format-standard","has-post-thumbnail","hentry","category-noticias"],"jetpack_featured_media_url":"https:\/\/hablemosclarotdf.com.ar\/wp-content\/uploads\/2025\/09\/photo_2025-09-26_10-30-11.jpg","_links":{"self":[{"href":"https:\/\/hablemosclarotdf.com.ar\/index.php?rest_route=\/wp\/v2\/posts\/52185","targetHints":{"allow":["GET"]}}],"collection":[{"href":"https:\/\/hablemosclarotdf.com.ar\/index.php?rest_route=\/wp\/v2\/posts"}],"about":[{"href":"https:\/\/hablemosclarotdf.com.ar\/index.php?rest_route=\/wp\/v2\/types\/post"}],"author":[{"embeddable":true,"href":"https:\/\/hablemosclarotdf.com.ar\/index.php?rest_route=\/wp\/v2\/users\/1"}],"replies":[{"embeddable":true,"href":"https:\/\/hablemosclarotdf.com.ar\/index.php?rest_route=%2Fwp%2Fv2%2Fcomments&post=52185"}],"version-history":[{"count":1,"href":"https:\/\/hablemosclarotdf.com.ar\/index.php?rest_route=\/wp\/v2\/posts\/52185\/revisions"}],"predecessor-version":[{"id":52187,"href":"https:\/\/hablemosclarotdf.com.ar\/index.php?rest_route=\/wp\/v2\/posts\/52185\/revisions\/52187"}],"wp:featuredmedia":[{"embeddable":true,"href":"https:\/\/hablemosclarotdf.com.ar\/index.php?rest_route=\/wp\/v2\/media\/52186"}],"wp:attachment":[{"href":"https:\/\/hablemosclarotdf.com.ar\/index.php?rest_route=%2Fwp%2Fv2%2Fmedia&parent=52185"}],"wp:term":[{"taxonomy":"category","embeddable":true,"href":"https:\/\/hablemosclarotdf.com.ar\/index.php?rest_route=%2Fwp%2Fv2%2Fcategories&post=52185"},{"taxonomy":"post_tag","embeddable":true,"href":"https:\/\/hablemosclarotdf.com.ar\/index.php?rest_route=%2Fwp%2Fv2%2Ftags&post=52185"}],"curies":[{"name":"wp","href":"https:\/\/api.w.org\/{rel}","templated":true}]}}