{"id":52180,"date":"2025-09-26T10:29:00","date_gmt":"2025-09-26T13:29:00","guid":{"rendered":"https:\/\/hablemosclarotdf.com.ar\/?p=52180"},"modified":"2025-09-26T10:29:00","modified_gmt":"2025-09-26T13:29:00","slug":"rio-grande-centro-municipal-mujeres-centenarias-3-anos-de-acompanamiento-integral","status":"publish","type":"post","link":"https:\/\/hablemosclarotdf.com.ar\/?p=52180","title":{"rendered":"RIO GRANDE : CENTRO MUNICIPAL &#8220;MUJERES CENTENARIAS&#8221;: 3 A\u00d1OS DE ACOMPA\u00d1AMIENTO INTEGRAL"},"content":{"rendered":"<p>El Centro Integral de la Mujer se consolida como un espacio de referencia en la regi\u00f3n, profundizando las pol\u00edticas de g\u00e9nero que impulsa de manera transversal la gesti\u00f3n del intendente Mart\u00edn Perez en R\u00edo Grande.<\/p>\n<p>El Centro Integral de la Mujer \u201cMujeres Centenarias\u201d fue construido durante la gesti\u00f3n del intendente Mart\u00edn Perez, en articulaci\u00f3n con el gobierno nacional anterior, para dar respuesta a una demanda hist\u00f3rica de las mujeres y diversidades de R\u00edo Grande, mediante el fortalecimiento de la atenci\u00f3n hacia personas que atraviesan situaciones de violencia por motivos de g\u00e9nero, as\u00ed como tambi\u00e9n ofrecer actividades de contenci\u00f3n, recreaci\u00f3n y promoci\u00f3n del bienestar integral de ellas y sus familias.<\/p>\n<p>Desde su inauguraci\u00f3n, el CIM ofrece atenci\u00f3n de lunes a viernes, de 09:00 a 16:00 horas, poniendo a disposici\u00f3n el servicio de Defensor\u00eda Municipal, que brinda asistencia y acompa\u00f1amiento integral e interdisciplinario, a mujeres y diversidades, con abordaje psicol\u00f3gico, socioecon\u00f3mico y patrocinio jur\u00eddico. Asimismo, mantiene una guardia activa las 24 horas, a cargo del equipo profesional, mediante el tel\u00e9fono 2964-526548.<\/p>\n<p>En tal sentido, es de mencionar que, desde su apertura, se han extendido m\u00e1s de 5342 atenciones, se otorgaron 3730 turnos, y se registraron m\u00e1s de 3257 intervenciones por parte del equipo interdisciplinario. Solo en 2024 se atendieron 1159 turnos, mientras que, en los primeros meses del 2025 ya se concretaron 1104 turnos y 727 intervenciones, reflejando un incremento de 43% en la demanda con respecto al a\u00f1o anterior.<\/p>\n<p>El CIM cuenta tambi\u00e9n con un espacio de cuidado para las infancias, que permite garantizar la privacidad y tranquilidad de las mujeres durante las entrevistas.<\/p>\n<p>En su compromiso de acompa\u00f1ar y sostener a las familias, el Centro realiza actividades de esparcimiento, juego, reflexi\u00f3n y formaci\u00f3n, destinadas a mujeres, diversidades e infancias.<br \/>\nQuienes deseen conocer m\u00e1s sobre las actividades, pueden acercarse al CIM o comunicarse al 2964-436237 Int. 7037.<\/p>\n<p>En el marco de este nuevo aniversario, la Secretar\u00eda de G\u00e9nero y Desarrollo Comunitario llevar\u00e1 adelante una agenda de actividades este viernes 26 y domingo 28 de septiembre, para celebrar en comunidad este espacio de referencia.<\/p>\n<p>De esta manera, el Municipio de R\u00edo Grande, reafirma su compromiso de sostener y fortalecer este valioso espacio que tiene como principal objetivo garantizar derechos, promover la igualdad y ofrecer bienestar integral a mujeres, infancias y diversidades.<\/p>\n<p><img loading=\"lazy\" decoding=\"async\" class=\"alignnone size-medium wp-image-52182\" src=\"https:\/\/hablemosclarotdf.com.ar\/wp-content\/uploads\/2025\/09\/photo_2025-09-26_10-27-47-300x200.jpg\" alt=\"\" width=\"300\" height=\"200\" srcset=\"https:\/\/hablemosclarotdf.com.ar\/wp-content\/uploads\/2025\/09\/photo_2025-09-26_10-27-47-300x200.jpg 300w, https:\/\/hablemosclarotdf.com.ar\/wp-content\/uploads\/2025\/09\/photo_2025-09-26_10-27-47-1024x682.jpg 1024w, https:\/\/hablemosclarotdf.com.ar\/wp-content\/uploads\/2025\/09\/photo_2025-09-26_10-27-47-768x512.jpg 768w, https:\/\/hablemosclarotdf.com.ar\/wp-content\/uploads\/2025\/09\/photo_2025-09-26_10-27-47.jpg 1280w\" sizes=\"auto, (max-width: 300px) 100vw, 300px\" \/> <img loading=\"lazy\" decoding=\"async\" class=\"alignnone size-medium wp-image-52183\" src=\"https:\/\/hablemosclarotdf.com.ar\/wp-content\/uploads\/2025\/09\/photo_2025-09-26_10-27-51-300x200.jpg\" alt=\"\" width=\"300\" height=\"200\" srcset=\"https:\/\/hablemosclarotdf.com.ar\/wp-content\/uploads\/2025\/09\/photo_2025-09-26_10-27-51-300x200.jpg 300w, https:\/\/hablemosclarotdf.com.ar\/wp-content\/uploads\/2025\/09\/photo_2025-09-26_10-27-51-1024x682.jpg 1024w, https:\/\/hablemosclarotdf.com.ar\/wp-content\/uploads\/2025\/09\/photo_2025-09-26_10-27-51-768x512.jpg 768w, https:\/\/hablemosclarotdf.com.ar\/wp-content\/uploads\/2025\/09\/photo_2025-09-26_10-27-51.jpg 1280w\" sizes=\"auto, (max-width: 300px) 100vw, 300px\" \/><\/p>\n","protected":false},"excerpt":{"rendered":"<p>El Centro Integral de la Mujer se consolida como un espacio de referencia en la&#8230;<\/p>\n","protected":false},"author":1,"featured_media":52181,"comment_status":"closed","ping_status":"closed","sticky":false,"template":"","format":"standard","meta":{"footnotes":""},"categories":[3],"tags":[],"class_list":["post-52180","post","type-post","status-publish","format-standard","has-post-thumbnail","hentry","category-noticias"],"jetpack_featured_media_url":"https:\/\/hablemosclarotdf.com.ar\/wp-content\/uploads\/2025\/09\/photo_2025-09-26_10-27-39.jpg","_links":{"self":[{"href":"https:\/\/hablemosclarotdf.com.ar\/index.php?rest_route=\/wp\/v2\/posts\/52180","targetHints":{"allow":["GET"]}}],"collection":[{"href":"https:\/\/hablemosclarotdf.com.ar\/index.php?rest_route=\/wp\/v2\/posts"}],"about":[{"href":"https:\/\/hablemosclarotdf.com.ar\/index.php?rest_route=\/wp\/v2\/types\/post"}],"author":[{"embeddable":true,"href":"https:\/\/hablemosclarotdf.com.ar\/index.php?rest_route=\/wp\/v2\/users\/1"}],"replies":[{"embeddable":true,"href":"https:\/\/hablemosclarotdf.com.ar\/index.php?rest_route=%2Fwp%2Fv2%2Fcomments&post=52180"}],"version-history":[{"count":1,"href":"https:\/\/hablemosclarotdf.com.ar\/index.php?rest_route=\/wp\/v2\/posts\/52180\/revisions"}],"predecessor-version":[{"id":52184,"href":"https:\/\/hablemosclarotdf.com.ar\/index.php?rest_route=\/wp\/v2\/posts\/52180\/revisions\/52184"}],"wp:featuredmedia":[{"embeddable":true,"href":"https:\/\/hablemosclarotdf.com.ar\/index.php?rest_route=\/wp\/v2\/media\/52181"}],"wp:attachment":[{"href":"https:\/\/hablemosclarotdf.com.ar\/index.php?rest_route=%2Fwp%2Fv2%2Fmedia&parent=52180"}],"wp:term":[{"taxonomy":"category","embeddable":true,"href":"https:\/\/hablemosclarotdf.com.ar\/index.php?rest_route=%2Fwp%2Fv2%2Fcategories&post=52180"},{"taxonomy":"post_tag","embeddable":true,"href":"https:\/\/hablemosclarotdf.com.ar\/index.php?rest_route=%2Fwp%2Fv2%2Ftags&post=52180"}],"curies":[{"name":"wp","href":"https:\/\/api.w.org\/{rel}","templated":true}]}}