{"id":52111,"date":"2025-09-25T15:20:02","date_gmt":"2025-09-25T18:20:02","guid":{"rendered":"https:\/\/hablemosclarotdf.com.ar\/?p=52111"},"modified":"2025-09-25T15:20:02","modified_gmt":"2025-09-25T18:20:02","slug":"rio-grande-infancias-riograndenses-vivieron-la-semana-de-la-movilidad-sustentable","status":"publish","type":"post","link":"https:\/\/hablemosclarotdf.com.ar\/?p=52111","title":{"rendered":"RIO GRANDE : INFANCIAS RIOGRANDENSES VIVIERON LA SEMANA DE LA MOVILIDAD SUSTENTABLE"},"content":{"rendered":"<p>En el marco de esta fecha, las ni\u00f1as y ni\u00f1os del jard\u00edn Cono Sur visitaron el Centro de Interpretaci\u00f3n Ambiental para conocer la importancia de utilizar medios de transportes menos contaminantes para nuestro ambiente.<\/p>\n<p>El Municipio de R\u00edo Grande, a trav\u00e9s de la Subsecretar\u00eda de Ambiente, llev\u00f3 adelante una propuesta destinada a las infancias. En esta oportunidad, la sala Mar del jard\u00edn Cono Sur visit\u00f3 el Centro de Interpretaci\u00f3n Ambiental (CIA) con el objetivo de sensibilizar a las y los m\u00e1s peque\u00f1os sobre el impacto de los veh\u00edculos tradicionales en el ambiente.<\/p>\n<p>La propuesta, enmarcada dentro de la Semana de la Movilidad Sustentable, cont\u00f3 con una serie de actividades l\u00fadicas y educativas dise\u00f1adas para fomentar el uso de alternativas ecol\u00f3gicas como las bicicletas, transporte p\u00fablico y veh\u00edculos el\u00e9ctricos.<\/p>\n<p>Durante la visita, las infancias participaron activamente de las actividades donde aprendieron c\u00f3mo el uso de transportes sustentables contribuye a reducir la contaminaci\u00f3n del aire y mejorar la calidad de vida en nuestra ciudad, reflejando que las decisiones cotidianas pueden hacer una gran diferencia en el futuro del planeta.<\/p>\n<p>Cabe mencionar que el CIA es un espacio donde se promueven diferentes actividades en pos de concientizar a la comunidad sobre la importancia de nuestras costas y reservas naturales. Todas las propuestas son gratuitas, al aire libre e incluyen charlas y salidas guiadas. Quienes quieran conocer m\u00e1s sobre el Centro de Interpretaci\u00f3n Ambiental, pueden comunicarse al 436200 (Interno 5044), de lunes a viernes, de 9 a 16 horas.<\/p>\n<p>Mediante estas acciones, el Estado Municipal refuerza su compromiso con la educaci\u00f3n ambiental y el desarrollo de h\u00e1bitos responsables para formar generaciones que cuiden el ambiente que nos rodea.<\/p>\n<p><img loading=\"lazy\" decoding=\"async\" class=\"alignnone size-medium wp-image-52114\" src=\"https:\/\/hablemosclarotdf.com.ar\/wp-content\/uploads\/2025\/09\/photo_2025-09-25_15-18-46-300x225.jpg\" alt=\"\" width=\"300\" height=\"225\" srcset=\"https:\/\/hablemosclarotdf.com.ar\/wp-content\/uploads\/2025\/09\/photo_2025-09-25_15-18-46-300x225.jpg 300w, https:\/\/hablemosclarotdf.com.ar\/wp-content\/uploads\/2025\/09\/photo_2025-09-25_15-18-46-768x576.jpg 768w, https:\/\/hablemosclarotdf.com.ar\/wp-content\/uploads\/2025\/09\/photo_2025-09-25_15-18-46.jpg 1024w\" sizes=\"auto, (max-width: 300px) 100vw, 300px\" \/> <img loading=\"lazy\" decoding=\"async\" class=\"alignnone size-medium wp-image-52115\" src=\"https:\/\/hablemosclarotdf.com.ar\/wp-content\/uploads\/2025\/09\/photo_2025-09-25_15-18-50-300x225.jpg\" alt=\"\" width=\"300\" height=\"225\" srcset=\"https:\/\/hablemosclarotdf.com.ar\/wp-content\/uploads\/2025\/09\/photo_2025-09-25_15-18-50-300x225.jpg 300w, https:\/\/hablemosclarotdf.com.ar\/wp-content\/uploads\/2025\/09\/photo_2025-09-25_15-18-50-768x576.jpg 768w, https:\/\/hablemosclarotdf.com.ar\/wp-content\/uploads\/2025\/09\/photo_2025-09-25_15-18-50.jpg 1024w\" sizes=\"auto, (max-width: 300px) 100vw, 300px\" \/><\/p>\n","protected":false},"excerpt":{"rendered":"<p>En el marco de esta fecha, las ni\u00f1as y ni\u00f1os del jard\u00edn Cono Sur visitaron&#8230;<\/p>\n","protected":false},"author":1,"featured_media":52112,"comment_status":"closed","ping_status":"closed","sticky":false,"template":"","format":"standard","meta":{"footnotes":""},"categories":[3],"tags":[],"class_list":["post-52111","post","type-post","status-publish","format-standard","has-post-thumbnail","hentry","category-noticias"],"jetpack_featured_media_url":"https:\/\/hablemosclarotdf.com.ar\/wp-content\/uploads\/2025\/09\/photo_2025-09-25_15-18-38.jpg","_links":{"self":[{"href":"https:\/\/hablemosclarotdf.com.ar\/index.php?rest_route=\/wp\/v2\/posts\/52111","targetHints":{"allow":["GET"]}}],"collection":[{"href":"https:\/\/hablemosclarotdf.com.ar\/index.php?rest_route=\/wp\/v2\/posts"}],"about":[{"href":"https:\/\/hablemosclarotdf.com.ar\/index.php?rest_route=\/wp\/v2\/types\/post"}],"author":[{"embeddable":true,"href":"https:\/\/hablemosclarotdf.com.ar\/index.php?rest_route=\/wp\/v2\/users\/1"}],"replies":[{"embeddable":true,"href":"https:\/\/hablemosclarotdf.com.ar\/index.php?rest_route=%2Fwp%2Fv2%2Fcomments&post=52111"}],"version-history":[{"count":1,"href":"https:\/\/hablemosclarotdf.com.ar\/index.php?rest_route=\/wp\/v2\/posts\/52111\/revisions"}],"predecessor-version":[{"id":52116,"href":"https:\/\/hablemosclarotdf.com.ar\/index.php?rest_route=\/wp\/v2\/posts\/52111\/revisions\/52116"}],"wp:featuredmedia":[{"embeddable":true,"href":"https:\/\/hablemosclarotdf.com.ar\/index.php?rest_route=\/wp\/v2\/media\/52112"}],"wp:attachment":[{"href":"https:\/\/hablemosclarotdf.com.ar\/index.php?rest_route=%2Fwp%2Fv2%2Fmedia&parent=52111"}],"wp:term":[{"taxonomy":"category","embeddable":true,"href":"https:\/\/hablemosclarotdf.com.ar\/index.php?rest_route=%2Fwp%2Fv2%2Fcategories&post=52111"},{"taxonomy":"post_tag","embeddable":true,"href":"https:\/\/hablemosclarotdf.com.ar\/index.php?rest_route=%2Fwp%2Fv2%2Ftags&post=52111"}],"curies":[{"name":"wp","href":"https:\/\/api.w.org\/{rel}","templated":true}]}}