{"id":52095,"date":"2025-09-25T14:56:36","date_gmt":"2025-09-25T17:56:36","guid":{"rendered":"https:\/\/hablemosclarotdf.com.ar\/?p=52095"},"modified":"2025-09-25T14:56:36","modified_gmt":"2025-09-25T17:56:36","slug":"en-octubre-llega-el-3-encuentro-provincial-de-educacion-artistica","status":"publish","type":"post","link":"https:\/\/hablemosclarotdf.com.ar\/?p=52095","title":{"rendered":"EN OCTUBRE LLEGA EL 3\u00b0 ENCUENTRO PROVINCIAL DE EDUCACI\u00d3N ART\u00cdSTICA"},"content":{"rendered":"<p>El Gobierno de Tierra del Fuego, AeIAS, llevar\u00e1 adelante el 3er Encuentro Provincial de Educaci\u00f3n Art\u00edstica denominado &#8220;Territorio e Identidad: Fortaleciendo los Lenguajes Art\u00edsticos en Tierra del Fuego AeIAS&#8221;. Ser\u00e1 los d\u00edas 9 y 10 de octubre en el Gimnasio del Centro Polivalente de Arte (Av. Leandro Alem N\u00b015) de la ciudad de Ushuaia de 8:00 a 17:00 horas.<\/p>\n<p>Organizado por la Direcci\u00f3n Provincial de Educaci\u00f3n Art\u00edstica est\u00e1 destinado a docentes de lenguajes art\u00edsticos y estudiantes de carreras afines, desarrollando un despliegue de talleres de cada lenguaje art\u00edstico en simult\u00e1neo, con el objetivo de promover la oportunidad de compartir experiencias, reflexionar sobre los desaf\u00edos actuales y explorar estrategias para fortalecer el papel de las artes en la educaci\u00f3n, destacando la importancia del territorio y la identidad cultural en la regi\u00f3n.<\/p>\n<p>Las inscripciones estar\u00e1n abiertas hasta el viernes 3 de octubre a trav\u00e9s del siguiente formulario<\/p>\n<p>https:\/\/forms.gle\/Ht95Nt9NJT8Z6ZgD7<\/p>\n<p>Cabe destacar que aquellos docentes de las ciudades de R\u00edo Grande y Tolhuin que quieran participar podr\u00e1n contar con transporte y alojamiento en las caba\u00f1as ubicadas en la Villa Deportiva &#8220;Eva Per\u00f3n&#8221; del Barrio R\u00edo Pipo. Una vez inscriptos a trav\u00e9s del formulario se les notificar\u00e1 la asignaci\u00f3n del lugar para el alojamiento y\/o transporte.<\/p>\n<p>Estos espacios son acciones que se vienen desarrollando desde el a\u00f1o 2020 con el objetivo de fortalecer los lenguajes art\u00edsticos\u00a0y las pr\u00e1cticas pedag\u00f3gicas en pos de una educaci\u00f3n equitativa y de calidad.<\/p>\n<p>Para consultas comunicarse a trav\u00e9s del email:<\/p>\n<p>dpea.ep@tdf.edu.ar<\/p>\n<p><img loading=\"lazy\" decoding=\"async\" class=\"alignnone size-medium wp-image-52097\" src=\"https:\/\/hablemosclarotdf.com.ar\/wp-content\/uploads\/2025\/09\/photo_2025-09-25_14-55-42-300x200.jpg\" alt=\"\" width=\"300\" height=\"200\" srcset=\"https:\/\/hablemosclarotdf.com.ar\/wp-content\/uploads\/2025\/09\/photo_2025-09-25_14-55-42-300x200.jpg 300w, https:\/\/hablemosclarotdf.com.ar\/wp-content\/uploads\/2025\/09\/photo_2025-09-25_14-55-42-1024x682.jpg 1024w, https:\/\/hablemosclarotdf.com.ar\/wp-content\/uploads\/2025\/09\/photo_2025-09-25_14-55-42-768x511.jpg 768w, https:\/\/hablemosclarotdf.com.ar\/wp-content\/uploads\/2025\/09\/photo_2025-09-25_14-55-42.jpg 1280w\" sizes=\"auto, (max-width: 300px) 100vw, 300px\" \/><\/p>\n","protected":false},"excerpt":{"rendered":"<p>El Gobierno de Tierra del Fuego, AeIAS, llevar\u00e1 adelante el 3er Encuentro Provincial de Educaci\u00f3n&#8230;<\/p>\n","protected":false},"author":1,"featured_media":52096,"comment_status":"closed","ping_status":"closed","sticky":false,"template":"","format":"standard","meta":{"footnotes":""},"categories":[3],"tags":[],"class_list":["post-52095","post","type-post","status-publish","format-standard","has-post-thumbnail","hentry","category-noticias"],"jetpack_featured_media_url":"https:\/\/hablemosclarotdf.com.ar\/wp-content\/uploads\/2025\/09\/photo_2025-09-25_14-55-48.jpg","_links":{"self":[{"href":"https:\/\/hablemosclarotdf.com.ar\/index.php?rest_route=\/wp\/v2\/posts\/52095","targetHints":{"allow":["GET"]}}],"collection":[{"href":"https:\/\/hablemosclarotdf.com.ar\/index.php?rest_route=\/wp\/v2\/posts"}],"about":[{"href":"https:\/\/hablemosclarotdf.com.ar\/index.php?rest_route=\/wp\/v2\/types\/post"}],"author":[{"embeddable":true,"href":"https:\/\/hablemosclarotdf.com.ar\/index.php?rest_route=\/wp\/v2\/users\/1"}],"replies":[{"embeddable":true,"href":"https:\/\/hablemosclarotdf.com.ar\/index.php?rest_route=%2Fwp%2Fv2%2Fcomments&post=52095"}],"version-history":[{"count":1,"href":"https:\/\/hablemosclarotdf.com.ar\/index.php?rest_route=\/wp\/v2\/posts\/52095\/revisions"}],"predecessor-version":[{"id":52098,"href":"https:\/\/hablemosclarotdf.com.ar\/index.php?rest_route=\/wp\/v2\/posts\/52095\/revisions\/52098"}],"wp:featuredmedia":[{"embeddable":true,"href":"https:\/\/hablemosclarotdf.com.ar\/index.php?rest_route=\/wp\/v2\/media\/52096"}],"wp:attachment":[{"href":"https:\/\/hablemosclarotdf.com.ar\/index.php?rest_route=%2Fwp%2Fv2%2Fmedia&parent=52095"}],"wp:term":[{"taxonomy":"category","embeddable":true,"href":"https:\/\/hablemosclarotdf.com.ar\/index.php?rest_route=%2Fwp%2Fv2%2Fcategories&post=52095"},{"taxonomy":"post_tag","embeddable":true,"href":"https:\/\/hablemosclarotdf.com.ar\/index.php?rest_route=%2Fwp%2Fv2%2Ftags&post=52095"}],"curies":[{"name":"wp","href":"https:\/\/api.w.org\/{rel}","templated":true}]}}