{"id":52092,"date":"2025-09-25T13:18:10","date_gmt":"2025-09-25T16:18:10","guid":{"rendered":"https:\/\/hablemosclarotdf.com.ar\/?p=52092"},"modified":"2025-09-25T13:18:10","modified_gmt":"2025-09-25T16:18:10","slug":"repudio-por-el-triple-femicidio-ocurrido-en-florencio-varela","status":"publish","type":"post","link":"https:\/\/hablemosclarotdf.com.ar\/?p=52092","title":{"rendered":"REPUDIO POR EL TRIPLE FEMICIDIO OCURRIDO EN FLORENCIO VARELA"},"content":{"rendered":"<p>El Gobierno de Tierra del Fuego AIAS, a trav\u00e9s de la Secretar\u00eda de Derechos Humanos e Igualdad y las Subsecretar\u00edas de G\u00e9nero y Diversidad de las Zonas Sur, Norte y Centro, expresa su m\u00e1s en\u00e9rgico repudio ante el triple femicidio ocurrido en Florencio Varela.<\/p>\n<p>Ante el aberrante hecho que se cobr\u00f3 la vida de Morena Verri, Brenda Loreley Del Castillo y Lara Morena Guti\u00e9rrez, desde las \u00e1reas provinciales mencionadas manifestamos nuestro profundo dolor, indignaci\u00f3n y repudio.<\/p>\n<p>Este triple femicidio no constituye un hecho aislado. Se trata de la expresi\u00f3n m\u00e1s extrema de un entramado estructural de violencias que recaen sobre los cuerpos y las vidas de las mujeres y disidencias. Es tambi\u00e9n reflejo de un sistema que castiga la autonom\u00eda femenina y reproduce desigualdades de g\u00e9nero que a\u00fan persisten en nuestra sociedad.<\/p>\n<p>Rechazamos de manera categ\u00f3rica los discursos de odio promovidos desde sectores del Estado Nacional, as\u00ed como la desfinanciaci\u00f3n y desarticulaci\u00f3n de pol\u00edticas p\u00fablicas esenciales para la prevenci\u00f3n, protecci\u00f3n y acompa\u00f1amiento de mujeres y personas LGBTI+. El desmantelamiento del Ministerio de Mujeres, G\u00e9neros y Diversidad Nacional ha profundizado los niveles de desprotecci\u00f3n y ha debilitado los canales institucionales de respuesta frente a las violencias.<\/p>\n<p>Del mismo modo, repudiamos los intentos de algunos medios de comunicaci\u00f3n y sectores sociales de justificar o minimizar estos cr\u00edmenes mediante discursos que aluden al contexto o las decisiones de vida de las v\u00edctimas. Rechazamos firmemente la construcci\u00f3n de la figura de la &#8220;buena v\u00edctima&#8221;, que no hace m\u00e1s que revictimizar y promover la impunidad.<\/p>\n<p>Nada justifica la violencia. Nada justifica que se arrebaten vidas.<\/p>\n<p>Exigimos al Poder Judicial una actuaci\u00f3n urgente, eficaz y con perspectiva de g\u00e9nero, en cumplimiento de los compromisos asumidos por nuestro pa\u00eds en materia de derechos humanos. Es imperativo que se garantice el acceso a la justicia y se rompa con los ciclos de impunidad que sostienen y perpet\u00faan las violencias machistas.<\/p>\n<p>Reafirmamos nuestro compromiso indeclinable en la lucha por la erradicaci\u00f3n de todas las formas de violencia por motivos de g\u00e9nero y por una vida libre de violencias para todas, todos y todes.<\/p>\n<p>Justicia para Morena, Brenda y Lara.<br \/>\nEl Estado debe garantizar vidas libres de violencia.<\/p>\n","protected":false},"excerpt":{"rendered":"<p>El Gobierno de Tierra del Fuego AIAS, a trav\u00e9s de la Secretar\u00eda de Derechos Humanos&#8230;<\/p>\n","protected":false},"author":1,"featured_media":52093,"comment_status":"closed","ping_status":"closed","sticky":false,"template":"","format":"standard","meta":{"footnotes":""},"categories":[3],"tags":[],"class_list":["post-52092","post","type-post","status-publish","format-standard","has-post-thumbnail","hentry","category-noticias"],"jetpack_featured_media_url":"https:\/\/hablemosclarotdf.com.ar\/wp-content\/uploads\/2025\/09\/photo_2025-09-25_13-15-49.jpg","_links":{"self":[{"href":"https:\/\/hablemosclarotdf.com.ar\/index.php?rest_route=\/wp\/v2\/posts\/52092","targetHints":{"allow":["GET"]}}],"collection":[{"href":"https:\/\/hablemosclarotdf.com.ar\/index.php?rest_route=\/wp\/v2\/posts"}],"about":[{"href":"https:\/\/hablemosclarotdf.com.ar\/index.php?rest_route=\/wp\/v2\/types\/post"}],"author":[{"embeddable":true,"href":"https:\/\/hablemosclarotdf.com.ar\/index.php?rest_route=\/wp\/v2\/users\/1"}],"replies":[{"embeddable":true,"href":"https:\/\/hablemosclarotdf.com.ar\/index.php?rest_route=%2Fwp%2Fv2%2Fcomments&post=52092"}],"version-history":[{"count":1,"href":"https:\/\/hablemosclarotdf.com.ar\/index.php?rest_route=\/wp\/v2\/posts\/52092\/revisions"}],"predecessor-version":[{"id":52094,"href":"https:\/\/hablemosclarotdf.com.ar\/index.php?rest_route=\/wp\/v2\/posts\/52092\/revisions\/52094"}],"wp:featuredmedia":[{"embeddable":true,"href":"https:\/\/hablemosclarotdf.com.ar\/index.php?rest_route=\/wp\/v2\/media\/52093"}],"wp:attachment":[{"href":"https:\/\/hablemosclarotdf.com.ar\/index.php?rest_route=%2Fwp%2Fv2%2Fmedia&parent=52092"}],"wp:term":[{"taxonomy":"category","embeddable":true,"href":"https:\/\/hablemosclarotdf.com.ar\/index.php?rest_route=%2Fwp%2Fv2%2Fcategories&post=52092"},{"taxonomy":"post_tag","embeddable":true,"href":"https:\/\/hablemosclarotdf.com.ar\/index.php?rest_route=%2Fwp%2Fv2%2Ftags&post=52092"}],"curies":[{"name":"wp","href":"https:\/\/api.w.org\/{rel}","templated":true}]}}