{"id":52071,"date":"2025-09-25T11:40:37","date_gmt":"2025-09-25T14:40:37","guid":{"rendered":"https:\/\/hablemosclarotdf.com.ar\/?p=52071"},"modified":"2025-09-25T11:40:37","modified_gmt":"2025-09-25T14:40:37","slug":"c-d-tolhuin-labor-parlamentaria-rumbo-a-la-7a-sesion-ordinaria","status":"publish","type":"post","link":"https:\/\/hablemosclarotdf.com.ar\/?p=52071","title":{"rendered":"C.D.TOLHUIN :  Labor Parlamentaria rumbo a la 7\u00aa Sesi\u00f3n Ordinaria"},"content":{"rendered":"<p>Este mi\u00e9rcoles se llev\u00f3 adelante la reuni\u00f3n de Labor Parlamentaria en el Concejo Deliberante, presidida por la vicepresidenta primera, Jeannette Alderete, con la participaci\u00f3n de los concejales Matias Rodriguez Ojeda, Rosana del Valle Taberna y Marcelo Mu\u00f1oz Fern\u00e1ndez.<br \/>\n.<br \/>\n\ud83d\uddd3\ufe0f La S\u00e9ptima Sesi\u00f3n Ordinaria se realizar\u00e1 este viernes 26 de septiembre a las 12:00 hs, con puertas abiertas a toda la comunidad y transmisi\u00f3n en vivo a trav\u00e9s de nuestro canal oficial de YouTube.<br \/>\n.<br \/>\n\ud83d\udcbb Como siempre, reafirmamos nuestro compromiso con la transparencia y el acceso a la informaci\u00f3n: en nuestra p\u00e1gina web pod\u00e9s consultar ordenanzas, resoluciones, \u00f3rdenes de pago, informes de gesti\u00f3n presupuestaria y pedidos de informes de forma clara y actualizada.<br \/>\n.<br \/>\n\ud83d\udce2 \u00a1El Concejo es de todos y todas! Te invitamos a participar y a seguir de cerca cada una de las acciones legislativas.<\/p>\n","protected":false},"excerpt":{"rendered":"<p>Este mi\u00e9rcoles se llev\u00f3 adelante la reuni\u00f3n de Labor Parlamentaria en el Concejo Deliberante, presidida&#8230;<\/p>\n","protected":false},"author":1,"featured_media":52072,"comment_status":"closed","ping_status":"closed","sticky":false,"template":"","format":"standard","meta":{"footnotes":""},"categories":[3],"tags":[],"class_list":["post-52071","post","type-post","status-publish","format-standard","has-post-thumbnail","hentry","category-noticias"],"jetpack_featured_media_url":"https:\/\/hablemosclarotdf.com.ar\/wp-content\/uploads\/2025\/09\/photo_2025-09-25_11-40-06.jpg","_links":{"self":[{"href":"https:\/\/hablemosclarotdf.com.ar\/index.php?rest_route=\/wp\/v2\/posts\/52071","targetHints":{"allow":["GET"]}}],"collection":[{"href":"https:\/\/hablemosclarotdf.com.ar\/index.php?rest_route=\/wp\/v2\/posts"}],"about":[{"href":"https:\/\/hablemosclarotdf.com.ar\/index.php?rest_route=\/wp\/v2\/types\/post"}],"author":[{"embeddable":true,"href":"https:\/\/hablemosclarotdf.com.ar\/index.php?rest_route=\/wp\/v2\/users\/1"}],"replies":[{"embeddable":true,"href":"https:\/\/hablemosclarotdf.com.ar\/index.php?rest_route=%2Fwp%2Fv2%2Fcomments&post=52071"}],"version-history":[{"count":1,"href":"https:\/\/hablemosclarotdf.com.ar\/index.php?rest_route=\/wp\/v2\/posts\/52071\/revisions"}],"predecessor-version":[{"id":52073,"href":"https:\/\/hablemosclarotdf.com.ar\/index.php?rest_route=\/wp\/v2\/posts\/52071\/revisions\/52073"}],"wp:featuredmedia":[{"embeddable":true,"href":"https:\/\/hablemosclarotdf.com.ar\/index.php?rest_route=\/wp\/v2\/media\/52072"}],"wp:attachment":[{"href":"https:\/\/hablemosclarotdf.com.ar\/index.php?rest_route=%2Fwp%2Fv2%2Fmedia&parent=52071"}],"wp:term":[{"taxonomy":"category","embeddable":true,"href":"https:\/\/hablemosclarotdf.com.ar\/index.php?rest_route=%2Fwp%2Fv2%2Fcategories&post=52071"},{"taxonomy":"post_tag","embeddable":true,"href":"https:\/\/hablemosclarotdf.com.ar\/index.php?rest_route=%2Fwp%2Fv2%2Ftags&post=52071"}],"curies":[{"name":"wp","href":"https:\/\/api.w.org\/{rel}","templated":true}]}}