{"id":52060,"date":"2025-09-25T11:30:05","date_gmt":"2025-09-25T14:30:05","guid":{"rendered":"https:\/\/hablemosclarotdf.com.ar\/?p=52060"},"modified":"2025-09-25T11:30:05","modified_gmt":"2025-09-25T14:30:05","slug":"rio-grande-salud-visual-mas-de-8000-controles-y-4000-lentes-entregados","status":"publish","type":"post","link":"https:\/\/hablemosclarotdf.com.ar\/?p=52060","title":{"rendered":"RIO GRANDE : SALUD VISUAL : M\u00c1S DE 8000 CONTROLES Y 4000 LENTES ENTREGADOS"},"content":{"rendered":"<p>Esta pol\u00edtica p\u00fablica, impulsada por la gesti\u00f3n del intendente Mart\u00edn Perez, ya lleva cuatro a\u00f1os de implementaci\u00f3n y se ha consolidado como un programa fundamental para promover la equidad en el acceso a la salud visual de infancias, adolescencias y personas mayores de la ciudad.<\/p>\n<p>El Municipio destina recursos a fin de dar continuidad y afianzar diversas pol\u00edticas p\u00fablicas de gran importancia para la comunidad. Tal es el caso del Programa Municipal de Salud Visual, cuyo alcance cada a\u00f1o se ampl\u00eda para garantizar el acceso igualitario a la salud visual de las y los riograndenses.<\/p>\n<p>Desde su puesta en marcha en 2022 el Programa Municipal de Salud Visual ha mostrado un impacto creciente. Desde tal a\u00f1o y hasta la actualidad ya realizaron m\u00e1s de 8000 controles y se entregaron alrededor de 4000 lentes a vecinos y vecinas de distintas edades.<\/p>\n<p>En lo que va del 2025, se atendieron aproximadamente a 900 ni\u00f1os y ni\u00f1as de entre 4 y 12 a\u00f1os que no cuentan con obra social, de los cuales 537 acceder\u00e1n a lentes de manera gratuita.<\/p>\n<p>Al respecto, el subsecretario de Salud, Agust\u00edn Perez afirm\u00f3: &#8220;entendemos que la salud p\u00fablica y de calidad es un derecho y que el Estado debe estar presente para garantizarlo&#8221;. Y en este sentido, subray\u00f3 que &#8220;pese al contexto socio-econ\u00f3mico que atravesamos, desde el Municipio sostenemos pol\u00edticas sanitarias con recursos propios para estar a la altura de lo que necesitan nuestros vecinos y vecinas&#8221;<\/p>\n<p>Por \u00faltimo, reafirm\u00f3 el compromiso de la gesti\u00f3n del intendente Mart\u00edn Perez &#8220;con el acompa\u00f1amiento de todos los y las vecinos que no tienen el acceso a una prepaga u obra social&#8221;<\/p>\n<p>Cabe destacar que, en el mes de octubre, se lanzar\u00e1 la tercera etapa del a\u00f1o, dirigida a adolescentes de 13 a 17 a\u00f1os sin obra social.<\/p>\n<p>Frente a la creciente demanda en materia sanitaria, el Municipio contin\u00faa redoblando esfuerzos para seguir construyendo un sistema de salud humano y cercano a las realidades de la comunidad riograndense. Esa es la premisa sobre la cual la gesti\u00f3n municipal trabaja a diario.<\/p>\n<p><img loading=\"lazy\" decoding=\"async\" class=\"alignnone size-medium wp-image-52062\" src=\"https:\/\/hablemosclarotdf.com.ar\/wp-content\/uploads\/2025\/09\/photo_2025-09-25_11-28-46-300x200.jpg\" alt=\"\" width=\"300\" height=\"200\" srcset=\"https:\/\/hablemosclarotdf.com.ar\/wp-content\/uploads\/2025\/09\/photo_2025-09-25_11-28-46-300x200.jpg 300w, https:\/\/hablemosclarotdf.com.ar\/wp-content\/uploads\/2025\/09\/photo_2025-09-25_11-28-46-1024x682.jpg 1024w, https:\/\/hablemosclarotdf.com.ar\/wp-content\/uploads\/2025\/09\/photo_2025-09-25_11-28-46-768x512.jpg 768w, https:\/\/hablemosclarotdf.com.ar\/wp-content\/uploads\/2025\/09\/photo_2025-09-25_11-28-46.jpg 1280w\" sizes=\"auto, (max-width: 300px) 100vw, 300px\" \/> <img loading=\"lazy\" decoding=\"async\" class=\"alignnone size-medium wp-image-52063\" src=\"https:\/\/hablemosclarotdf.com.ar\/wp-content\/uploads\/2025\/09\/photo_2025-09-25_11-28-51-300x200.jpg\" alt=\"\" width=\"300\" height=\"200\" srcset=\"https:\/\/hablemosclarotdf.com.ar\/wp-content\/uploads\/2025\/09\/photo_2025-09-25_11-28-51-300x200.jpg 300w, https:\/\/hablemosclarotdf.com.ar\/wp-content\/uploads\/2025\/09\/photo_2025-09-25_11-28-51-768x512.jpg 768w, https:\/\/hablemosclarotdf.com.ar\/wp-content\/uploads\/2025\/09\/photo_2025-09-25_11-28-51.jpg 800w\" sizes=\"auto, (max-width: 300px) 100vw, 300px\" \/><\/p>\n","protected":false},"excerpt":{"rendered":"<p>Esta pol\u00edtica p\u00fablica, impulsada por la gesti\u00f3n del intendente Mart\u00edn Perez, ya lleva cuatro a\u00f1os&#8230;<\/p>\n","protected":false},"author":1,"featured_media":52061,"comment_status":"closed","ping_status":"closed","sticky":false,"template":"","format":"standard","meta":{"footnotes":""},"categories":[3],"tags":[],"class_list":["post-52060","post","type-post","status-publish","format-standard","has-post-thumbnail","hentry","category-noticias"],"jetpack_featured_media_url":"https:\/\/hablemosclarotdf.com.ar\/wp-content\/uploads\/2025\/09\/photo_2025-09-25_11-28-41.jpg","_links":{"self":[{"href":"https:\/\/hablemosclarotdf.com.ar\/index.php?rest_route=\/wp\/v2\/posts\/52060","targetHints":{"allow":["GET"]}}],"collection":[{"href":"https:\/\/hablemosclarotdf.com.ar\/index.php?rest_route=\/wp\/v2\/posts"}],"about":[{"href":"https:\/\/hablemosclarotdf.com.ar\/index.php?rest_route=\/wp\/v2\/types\/post"}],"author":[{"embeddable":true,"href":"https:\/\/hablemosclarotdf.com.ar\/index.php?rest_route=\/wp\/v2\/users\/1"}],"replies":[{"embeddable":true,"href":"https:\/\/hablemosclarotdf.com.ar\/index.php?rest_route=%2Fwp%2Fv2%2Fcomments&post=52060"}],"version-history":[{"count":1,"href":"https:\/\/hablemosclarotdf.com.ar\/index.php?rest_route=\/wp\/v2\/posts\/52060\/revisions"}],"predecessor-version":[{"id":52064,"href":"https:\/\/hablemosclarotdf.com.ar\/index.php?rest_route=\/wp\/v2\/posts\/52060\/revisions\/52064"}],"wp:featuredmedia":[{"embeddable":true,"href":"https:\/\/hablemosclarotdf.com.ar\/index.php?rest_route=\/wp\/v2\/media\/52061"}],"wp:attachment":[{"href":"https:\/\/hablemosclarotdf.com.ar\/index.php?rest_route=%2Fwp%2Fv2%2Fmedia&parent=52060"}],"wp:term":[{"taxonomy":"category","embeddable":true,"href":"https:\/\/hablemosclarotdf.com.ar\/index.php?rest_route=%2Fwp%2Fv2%2Fcategories&post=52060"},{"taxonomy":"post_tag","embeddable":true,"href":"https:\/\/hablemosclarotdf.com.ar\/index.php?rest_route=%2Fwp%2Fv2%2Ftags&post=52060"}],"curies":[{"name":"wp","href":"https:\/\/api.w.org\/{rel}","templated":true}]}}