{"id":52003,"date":"2025-09-24T20:26:59","date_gmt":"2025-09-24T23:26:59","guid":{"rendered":"https:\/\/hablemosclarotdf.com.ar\/?p=52003"},"modified":"2025-09-24T20:26:59","modified_gmt":"2025-09-24T23:26:59","slug":"ushuaia-la-municipalidad-anuncio-la-segunda-edicion-de-la-expo-ushuaia-ciudad-segura","status":"publish","type":"post","link":"https:\/\/hablemosclarotdf.com.ar\/?p=52003","title":{"rendered":"USHUAIA  : LA MUNICIPALIDAD ANUNCI\u00d3 LA SEGUNDA EDICI\u00d3N DE LA EXPO \u201cUSHUAIA CIUDAD SEGURA\u201d"},"content":{"rendered":"<p>La Municipalidad de Ushuaia, a trav\u00e9s de la Secretar\u00eda de Gobierno, invita a vecinos, vecinas e instituciones a participar de la segunda edici\u00f3n de la Expo \u201cUshuaia Ciudad Segura\u201d. Se trata de un espacio de difusi\u00f3n e intercambio de pr\u00e1cticas, normativas, tecnolog\u00edas y estrategias orientadas a la construcci\u00f3n de entornos seguros tanto en el \u00e1mbito p\u00fablico como en el privado.<\/p>\n<p>El encuentro se llevar\u00e1 a cabo los d\u00edas mi\u00e9rcoles 8 y jueves 9 de octubre, de 10 a 17 horas, en el Microestadio \u201cCochocho\u201d Vargas. Durante ambas jornadas habr\u00e1 demostraciones en tiempo real y espacios de consulta especializada, que propiciar\u00e1n el di\u00e1logo entre organismos, profesionales y la comunidad en general.<\/p>\n<p>La propuesta se organiza en tres ejes principales:<\/p>\n<p>Seguridad Alimentaria: enfocada en la reducci\u00f3n de riesgos de enfermedades, la promoci\u00f3n de la salud p\u00fablica y el fortalecimiento de un sistema alimentario sostenible.<\/p>\n<p>Seguridad Vial: orientada a la prevenci\u00f3n de accidentes y a la protecci\u00f3n de la vida.<\/p>\n<p>Prevenci\u00f3n y Defensa Civil: destinada a fortalecer la capacidad de respuesta ante emergencias o desastres, priorizando siempre la preservaci\u00f3n de la vida humana.<\/p>\n<p>De esta manera, la Municipalidad convoca a la comunidad a ser parte, por segundo a\u00f1o consecutivo, de una experiencia que busca consolidar una ciudad m\u00e1s segura y preparada, a partir de la informaci\u00f3n, la participaci\u00f3n y el trabajo conjunto.<\/p>\n","protected":false},"excerpt":{"rendered":"<p>La Municipalidad de Ushuaia, a trav\u00e9s de la Secretar\u00eda de Gobierno, invita a vecinos, vecinas&#8230;<\/p>\n","protected":false},"author":1,"featured_media":52004,"comment_status":"closed","ping_status":"closed","sticky":false,"template":"","format":"standard","meta":{"footnotes":""},"categories":[3],"tags":[],"class_list":["post-52003","post","type-post","status-publish","format-standard","has-post-thumbnail","hentry","category-noticias"],"jetpack_featured_media_url":"https:\/\/hablemosclarotdf.com.ar\/wp-content\/uploads\/2025\/09\/photo_2025-09-24_20-26-13.jpg","_links":{"self":[{"href":"https:\/\/hablemosclarotdf.com.ar\/index.php?rest_route=\/wp\/v2\/posts\/52003","targetHints":{"allow":["GET"]}}],"collection":[{"href":"https:\/\/hablemosclarotdf.com.ar\/index.php?rest_route=\/wp\/v2\/posts"}],"about":[{"href":"https:\/\/hablemosclarotdf.com.ar\/index.php?rest_route=\/wp\/v2\/types\/post"}],"author":[{"embeddable":true,"href":"https:\/\/hablemosclarotdf.com.ar\/index.php?rest_route=\/wp\/v2\/users\/1"}],"replies":[{"embeddable":true,"href":"https:\/\/hablemosclarotdf.com.ar\/index.php?rest_route=%2Fwp%2Fv2%2Fcomments&post=52003"}],"version-history":[{"count":1,"href":"https:\/\/hablemosclarotdf.com.ar\/index.php?rest_route=\/wp\/v2\/posts\/52003\/revisions"}],"predecessor-version":[{"id":52005,"href":"https:\/\/hablemosclarotdf.com.ar\/index.php?rest_route=\/wp\/v2\/posts\/52003\/revisions\/52005"}],"wp:featuredmedia":[{"embeddable":true,"href":"https:\/\/hablemosclarotdf.com.ar\/index.php?rest_route=\/wp\/v2\/media\/52004"}],"wp:attachment":[{"href":"https:\/\/hablemosclarotdf.com.ar\/index.php?rest_route=%2Fwp%2Fv2%2Fmedia&parent=52003"}],"wp:term":[{"taxonomy":"category","embeddable":true,"href":"https:\/\/hablemosclarotdf.com.ar\/index.php?rest_route=%2Fwp%2Fv2%2Fcategories&post=52003"},{"taxonomy":"post_tag","embeddable":true,"href":"https:\/\/hablemosclarotdf.com.ar\/index.php?rest_route=%2Fwp%2Fv2%2Ftags&post=52003"}],"curies":[{"name":"wp","href":"https:\/\/api.w.org\/{rel}","templated":true}]}}