{"id":52000,"date":"2025-09-24T18:17:47","date_gmt":"2025-09-24T21:17:47","guid":{"rendered":"https:\/\/hablemosclarotdf.com.ar\/?p=52000"},"modified":"2025-09-24T18:17:47","modified_gmt":"2025-09-24T21:17:47","slug":"blanco-pide-citar-al-canciller-werthein-al-senado-para-explicar-el-acuerdo-milei-trump","status":"publish","type":"post","link":"https:\/\/hablemosclarotdf.com.ar\/?p=52000","title":{"rendered":"Blanco pide citar al canciller Werthein al Senado para explicar el acuerdo Milei\u2013Trump"},"content":{"rendered":"<p><center><\/p>\n<table id=\"m_1800345464337447138bodyTable\" border=\"0\" width=\"100%\" cellspacing=\"0\" cellpadding=\"0\" align=\"center\">\n<tbody>\n<tr>\n<td id=\"m_1800345464337447138bodyCell\" align=\"center\" valign=\"top\">\n<table border=\"0\" width=\"100%\" cellspacing=\"0\" cellpadding=\"0\">\n<tbody>\n<tr>\n<td id=\"m_1800345464337447138templateBody\" align=\"center\" valign=\"top\">\n<table class=\"m_1800345464337447138templateContainer\" border=\"0\" width=\"100%\" cellspacing=\"0\" cellpadding=\"0\" align=\"center\">\n<tbody>\n<tr>\n<td class=\"m_1800345464337447138bodyContainer\" valign=\"top\">\n<table border=\"0\" width=\"100%\" cellspacing=\"0\" cellpadding=\"0\">\n<tbody>\n<tr>\n<td valign=\"top\">\n<table class=\"m_1800345464337447138mcnTextContentContainer\" border=\"0\" width=\"100%\" cellspacing=\"0\" cellpadding=\"0\" align=\"left\">\n<tbody>\n<tr>\n<td class=\"m_1800345464337447138mcnTextContent\" valign=\"top\">Mi\u00e9rcoles 24 de septiembre. El senador nacional por Tierra del Fuego y candidato a senador por Provincias Unidas present\u00f3 un proyecto para citar al canciller Gerardo Werthein a la Comisi\u00f3n de Relaciones Exteriores del Senado, a fin de que brinde explicaciones sobre el reciente viaje del presidente Javier Milei a Washington y su encuentro con Donald Trump.<\/p>\n<p>\u201cEl viaje de Milei merece profundas explicaciones porque se asemeja m\u00e1s a un acto de sumisi\u00f3n que a la visita de un primer mandatario que defiende los intereses de su pueblo\u201d, afirm\u00f3 el legislador.<\/p>\n<p>El proyecto solicita que el canciller detalle la supuesta ayuda financiera prometida por Estados Unidos, las condiciones pol\u00edticas y geopol\u00edticas que acompa\u00f1ar\u00edan ese respaldo y si existen compromisos que puedan afectar la soberan\u00eda nacional. \u201cMilei viaj\u00f3 de urgencia a mendigar dinero vaya a saber a cambio de qu\u00e9. Queremos saber cu\u00e1les son esos t\u00e9rminos y hasta d\u00f3nde comprometen a la Argentina\u201d, advirti\u00f3 el senador.<\/p>\n<p>Seg\u00fan trascendi\u00f3, la asistencia incluir\u00eda un swap por USD 20.000 millones, la posibilidad de un cr\u00e9dito stand-by y la compra de bonos argentinos. Al respecto, el legislador expres\u00f3: \u201cEstamos frente a un viaje a la desesperada de un gobierno que ya quem\u00f3 reservas y no tiene otro plan que sostener el d\u00e9ficit cero a costa de hipotecar nuestro futuro\u201d.<\/p>\n<p>El senador tambi\u00e9n mostr\u00f3 especial preocupaci\u00f3n por las consecuencias para Tierra del Fuego: \u201cLa presencia del ministro de Defensa y de agregados militares en la comitiva despierta un fuerte temor. Queremos que el canciller aclare si se negoci\u00f3 la instalaci\u00f3n de tropas norteamericanas en la provincia, con la mira puesta en la Ant\u00e1rtida, el Mar Argentino y las Islas del Atl\u00e1ntico Sur\u201d.<\/p>\n<p>Finalmente, reclam\u00f3: \u201cEl canciller no puede esconderse. Tiene la obligaci\u00f3n de dar explicaciones claras y transparentes ante el Congreso. Lo que est\u00e1 en juego no es s\u00f3lo un acuerdo financiero: es la soberan\u00eda argentina\u201d.<\/td>\n<\/tr>\n<\/tbody>\n<\/table>\n<\/td>\n<\/tr>\n<\/tbody>\n<\/table>\n<\/td>\n<\/tr>\n<\/tbody>\n<\/table>\n<\/td>\n<\/tr>\n<tr>\n<td id=\"m_1800345464337447138templateFooter\" align=\"center\" valign=\"top\">\n<table class=\"m_1800345464337447138templateContainer\" border=\"0\" width=\"100%\" cellspacing=\"0\" cellpadding=\"0\" align=\"center\">\n<tbody>\n<tr>\n<td class=\"m_1800345464337447138footerContainer\" valign=\"top\"><\/td>\n<\/tr>\n<\/tbody>\n<\/table>\n<\/td>\n<\/tr>\n<\/tbody>\n<\/table>\n<\/td>\n<\/tr>\n<\/tbody>\n<\/table>\n<p><\/center><center><\/p>\n<p><\/center><\/p>\n","protected":false},"excerpt":{"rendered":"<p>Mi\u00e9rcoles 24 de septiembre. El senador nacional por Tierra del Fuego y candidato a senador&#8230;<\/p>\n","protected":false},"author":1,"featured_media":52001,"comment_status":"closed","ping_status":"closed","sticky":false,"template":"","format":"standard","meta":{"footnotes":""},"categories":[3],"tags":[],"class_list":["post-52000","post","type-post","status-publish","format-standard","has-post-thumbnail","hentry","category-noticias"],"jetpack_featured_media_url":"https:\/\/hablemosclarotdf.com.ar\/wp-content\/uploads\/2025\/09\/download-4.jpg","_links":{"self":[{"href":"https:\/\/hablemosclarotdf.com.ar\/index.php?rest_route=\/wp\/v2\/posts\/52000","targetHints":{"allow":["GET"]}}],"collection":[{"href":"https:\/\/hablemosclarotdf.com.ar\/index.php?rest_route=\/wp\/v2\/posts"}],"about":[{"href":"https:\/\/hablemosclarotdf.com.ar\/index.php?rest_route=\/wp\/v2\/types\/post"}],"author":[{"embeddable":true,"href":"https:\/\/hablemosclarotdf.com.ar\/index.php?rest_route=\/wp\/v2\/users\/1"}],"replies":[{"embeddable":true,"href":"https:\/\/hablemosclarotdf.com.ar\/index.php?rest_route=%2Fwp%2Fv2%2Fcomments&post=52000"}],"version-history":[{"count":1,"href":"https:\/\/hablemosclarotdf.com.ar\/index.php?rest_route=\/wp\/v2\/posts\/52000\/revisions"}],"predecessor-version":[{"id":52002,"href":"https:\/\/hablemosclarotdf.com.ar\/index.php?rest_route=\/wp\/v2\/posts\/52000\/revisions\/52002"}],"wp:featuredmedia":[{"embeddable":true,"href":"https:\/\/hablemosclarotdf.com.ar\/index.php?rest_route=\/wp\/v2\/media\/52001"}],"wp:attachment":[{"href":"https:\/\/hablemosclarotdf.com.ar\/index.php?rest_route=%2Fwp%2Fv2%2Fmedia&parent=52000"}],"wp:term":[{"taxonomy":"category","embeddable":true,"href":"https:\/\/hablemosclarotdf.com.ar\/index.php?rest_route=%2Fwp%2Fv2%2Fcategories&post=52000"},{"taxonomy":"post_tag","embeddable":true,"href":"https:\/\/hablemosclarotdf.com.ar\/index.php?rest_route=%2Fwp%2Fv2%2Ftags&post=52000"}],"curies":[{"name":"wp","href":"https:\/\/api.w.org\/{rel}","templated":true}]}}