{"id":51988,"date":"2025-09-24T18:07:33","date_gmt":"2025-09-24T21:07:33","guid":{"rendered":"https:\/\/hablemosclarotdf.com.ar\/?p=51988"},"modified":"2025-09-24T18:07:33","modified_gmt":"2025-09-24T21:07:33","slug":"rio-grande-el-centro-integral-mujeres-centenarias-celebra-su-tercer-aniversario","status":"publish","type":"post","link":"https:\/\/hablemosclarotdf.com.ar\/?p=51988","title":{"rendered":"RIO GRANDE : EL CENTRO INTEGRAL \u201cMUJERES CENTENARIAS\u201d CELEBRA SU TERCER ANIVERSARIO"},"content":{"rendered":"<p>El Municipio de R\u00edo Grande, a trav\u00e9s de la Secretar\u00eda de G\u00e9nero y Desarrollo Comunitario, conmemora un nuevo aniversario de este espacio f\u00edsico de referencia en la regi\u00f3n que asiste y acompa\u00f1a a las mujeres de la ciudad, afianzando las pol\u00edticas de g\u00e9nero en R\u00edo Grande.<\/p>\n<p>El Centro Integral de la Mujer \u201cMujeres Centenarias\u201d fortalece y enriquece la atenci\u00f3n hacia las mujeres y diversidades que atraviesan situaciones de violencia por motivos de g\u00e9nero, as\u00ed como tambi\u00e9n ofrece acompa\u00f1amiento a sus familias, mediante actividades de esparcimiento y propuestas que promueven el bienestar integral.<\/p>\n<p>En este marco, el Municipio celebrar\u00e1 un nuevo aniversario de este espacio con actividades abiertas a toda la comunidad. El viernes 26 de septiembre a las 19 horas, se realizar\u00e1 la inauguraci\u00f3n de una Biblioteca de autoras fueguinas para mujeres e infancias; y luego en conjunto con la Subsecretar\u00eda de Cultura, se llevar\u00e1 adelante una Velada Art\u00edstica con la presentaci\u00f3n de la artista Millacura.<\/p>\n<p>Adem\u00e1s, el domingo 28 a las 10 horas se realizar\u00e1 una bicicleteada que tendr\u00e1 como punto de partida el CIM y en la que podr\u00e1n participar las familias de la ciudad. Esta actividad se desarrollar\u00e1 en conjunto con la organizaci\u00f3n Ciclismo de Chicas, quienes guiar\u00e1n el circuito. Las inscripciones se realizan a trav\u00e9s del siguiente link: http:\/\/bit.ly\/46hj8Sy.<\/p>\n<p>Esta celebraci\u00f3n tiene como fin abrir las puertas del Centro Integral de la Mujer para continuar visibilizando el trabajo que se realiza cotidianamente y resaltar la importancia de un espacio que acompa\u00f1e a las vecinas de la ciudad.<\/p>\n<p><img loading=\"lazy\" decoding=\"async\" class=\"alignnone size-medium wp-image-51990\" src=\"https:\/\/hablemosclarotdf.com.ar\/wp-content\/uploads\/2025\/09\/photo_2025-09-24_18-06-23-240x300.jpg\" alt=\"\" width=\"240\" height=\"300\" srcset=\"https:\/\/hablemosclarotdf.com.ar\/wp-content\/uploads\/2025\/09\/photo_2025-09-24_18-06-23-240x300.jpg 240w, https:\/\/hablemosclarotdf.com.ar\/wp-content\/uploads\/2025\/09\/photo_2025-09-24_18-06-23-819x1024.jpg 819w, https:\/\/hablemosclarotdf.com.ar\/wp-content\/uploads\/2025\/09\/photo_2025-09-24_18-06-23-768x960.jpg 768w, https:\/\/hablemosclarotdf.com.ar\/wp-content\/uploads\/2025\/09\/photo_2025-09-24_18-06-23-1229x1536.jpg 1229w, https:\/\/hablemosclarotdf.com.ar\/wp-content\/uploads\/2025\/09\/photo_2025-09-24_18-06-23-1024x1280.jpg 1024w, https:\/\/hablemosclarotdf.com.ar\/wp-content\/uploads\/2025\/09\/photo_2025-09-24_18-06-23.jpg 1280w\" sizes=\"auto, (max-width: 240px) 100vw, 240px\" \/><\/p>\n","protected":false},"excerpt":{"rendered":"<p>El Municipio de R\u00edo Grande, a trav\u00e9s de la Secretar\u00eda de G\u00e9nero y Desarrollo Comunitario,&#8230;<\/p>\n","protected":false},"author":1,"featured_media":51989,"comment_status":"closed","ping_status":"closed","sticky":false,"template":"","format":"standard","meta":{"footnotes":""},"categories":[3],"tags":[],"class_list":["post-51988","post","type-post","status-publish","format-standard","has-post-thumbnail","hentry","category-noticias"],"jetpack_featured_media_url":"https:\/\/hablemosclarotdf.com.ar\/wp-content\/uploads\/2025\/09\/photo_2025-09-24_18-06-18.jpg","_links":{"self":[{"href":"https:\/\/hablemosclarotdf.com.ar\/index.php?rest_route=\/wp\/v2\/posts\/51988","targetHints":{"allow":["GET"]}}],"collection":[{"href":"https:\/\/hablemosclarotdf.com.ar\/index.php?rest_route=\/wp\/v2\/posts"}],"about":[{"href":"https:\/\/hablemosclarotdf.com.ar\/index.php?rest_route=\/wp\/v2\/types\/post"}],"author":[{"embeddable":true,"href":"https:\/\/hablemosclarotdf.com.ar\/index.php?rest_route=\/wp\/v2\/users\/1"}],"replies":[{"embeddable":true,"href":"https:\/\/hablemosclarotdf.com.ar\/index.php?rest_route=%2Fwp%2Fv2%2Fcomments&post=51988"}],"version-history":[{"count":1,"href":"https:\/\/hablemosclarotdf.com.ar\/index.php?rest_route=\/wp\/v2\/posts\/51988\/revisions"}],"predecessor-version":[{"id":51991,"href":"https:\/\/hablemosclarotdf.com.ar\/index.php?rest_route=\/wp\/v2\/posts\/51988\/revisions\/51991"}],"wp:featuredmedia":[{"embeddable":true,"href":"https:\/\/hablemosclarotdf.com.ar\/index.php?rest_route=\/wp\/v2\/media\/51989"}],"wp:attachment":[{"href":"https:\/\/hablemosclarotdf.com.ar\/index.php?rest_route=%2Fwp%2Fv2%2Fmedia&parent=51988"}],"wp:term":[{"taxonomy":"category","embeddable":true,"href":"https:\/\/hablemosclarotdf.com.ar\/index.php?rest_route=%2Fwp%2Fv2%2Fcategories&post=51988"},{"taxonomy":"post_tag","embeddable":true,"href":"https:\/\/hablemosclarotdf.com.ar\/index.php?rest_route=%2Fwp%2Fv2%2Ftags&post=51988"}],"curies":[{"name":"wp","href":"https:\/\/api.w.org\/{rel}","templated":true}]}}