{"id":51979,"date":"2025-09-24T17:59:45","date_gmt":"2025-09-24T20:59:45","guid":{"rendered":"https:\/\/hablemosclarotdf.com.ar\/?p=51979"},"modified":"2025-09-24T18:02:55","modified_gmt":"2025-09-24T21:02:55","slug":"finalizo-una-nueva-edicion-del-programa-recicla-y-viaja","status":"publish","type":"post","link":"https:\/\/hablemosclarotdf.com.ar\/?p=51979","title":{"rendered":"RIO GRANDE : FINALIZ\u00d3 UNA NUEVA EDICI\u00d3N DEL PROGRAMA \u201cRECICL\u00c1 Y VIAJ\u00c1\u201d"},"content":{"rendered":"<p>En el marco de Juvenday, la jornada organizada por la Direcci\u00f3n de Juventudes para celebrar el D\u00eda de la Primavera y del Estudiante en el Espacio Joven AGP, se dieron a conocer los ganadores de \u201cRecicl\u00e1 y Viaj\u00e1\u201d, programa destinado a los ante\u00faltimos a\u00f1os de los colegios secundarios de R\u00edo Grande.<\/p>\n<p>En esta edici\u00f3n, el primer lugar fue para el Colegio Dr. Ernesto Guevara, el segundo puesto para la Escuela Agrot\u00e9cnica Misi\u00f3n Salesiana, y el tercer lugar lo obtuvo el Colegio Don Bosco.<\/p>\n<p>A lo largo del programa, los estudiantes lograron recolectar 1.049 kg de latas y 14.392 kg de botellas pl\u00e1sticas, contribuyendo activamente al cuidado del ambiente y reforzando su compromiso con construir una ciudad m\u00e1s sustentable.<\/p>\n<p>Adem\u00e1s, m\u00e1s all\u00e1 de los ganadores, la recicladora Ingenio Verde adquirir\u00e1 todo el material recolectado, lo que permitir\u00e1 que los colegios participantes reciban un beneficio econ\u00f3mico por el esfuerzo realizado durante el concurso.<\/p>\n<p>\u201cEste programa muestra que nuestras juventudes son protagonistas en la construcci\u00f3n de una R\u00edo Grande m\u00e1s limpia y sustentable, trabajando junto a sus familias por el cuidado de la ciudad\u201d, expres\u00f3 D\u00e9bora Galichini, subsecretaria de Participaci\u00f3n Ciudadana.<\/p>\n<p>El Municipio de R\u00edo Grande, a trav\u00e9s de la Secretar\u00eda de Gesti\u00f3n Ciudadana, contin\u00faa impulsando este tipo de propuestas que combinan conciencia ambiental, participaci\u00f3n comunitaria y el protagonismo de las y los j\u00f3venes en la construcci\u00f3n de una ciudad m\u00e1s responsable y sostenible.<\/p>\n<p><img loading=\"lazy\" decoding=\"async\" class=\"alignnone size-medium wp-image-51981\" src=\"https:\/\/hablemosclarotdf.com.ar\/wp-content\/uploads\/2025\/09\/photo_2025-09-24_17-58-13-300x200.jpg\" alt=\"\" width=\"300\" height=\"200\" srcset=\"https:\/\/hablemosclarotdf.com.ar\/wp-content\/uploads\/2025\/09\/photo_2025-09-24_17-58-13-300x200.jpg 300w, https:\/\/hablemosclarotdf.com.ar\/wp-content\/uploads\/2025\/09\/photo_2025-09-24_17-58-13-1024x682.jpg 1024w, https:\/\/hablemosclarotdf.com.ar\/wp-content\/uploads\/2025\/09\/photo_2025-09-24_17-58-13-768x511.jpg 768w, https:\/\/hablemosclarotdf.com.ar\/wp-content\/uploads\/2025\/09\/photo_2025-09-24_17-58-13.jpg 1280w\" sizes=\"auto, (max-width: 300px) 100vw, 300px\" \/> <img loading=\"lazy\" decoding=\"async\" class=\"alignnone size-medium wp-image-51982\" src=\"https:\/\/hablemosclarotdf.com.ar\/wp-content\/uploads\/2025\/09\/photo_2025-09-24_17-58-17-300x200.jpg\" alt=\"\" width=\"300\" height=\"200\" srcset=\"https:\/\/hablemosclarotdf.com.ar\/wp-content\/uploads\/2025\/09\/photo_2025-09-24_17-58-17-300x200.jpg 300w, https:\/\/hablemosclarotdf.com.ar\/wp-content\/uploads\/2025\/09\/photo_2025-09-24_17-58-17-1024x682.jpg 1024w, https:\/\/hablemosclarotdf.com.ar\/wp-content\/uploads\/2025\/09\/photo_2025-09-24_17-58-17-768x511.jpg 768w, https:\/\/hablemosclarotdf.com.ar\/wp-content\/uploads\/2025\/09\/photo_2025-09-24_17-58-17.jpg 1280w\" sizes=\"auto, (max-width: 300px) 100vw, 300px\" \/> <img loading=\"lazy\" decoding=\"async\" class=\"alignnone size-medium wp-image-51983\" src=\"https:\/\/hablemosclarotdf.com.ar\/wp-content\/uploads\/2025\/09\/photo_2025-09-24_17-58-20-300x200.jpg\" alt=\"\" width=\"300\" height=\"200\" srcset=\"https:\/\/hablemosclarotdf.com.ar\/wp-content\/uploads\/2025\/09\/photo_2025-09-24_17-58-20-300x200.jpg 300w, https:\/\/hablemosclarotdf.com.ar\/wp-content\/uploads\/2025\/09\/photo_2025-09-24_17-58-20-1024x682.jpg 1024w, https:\/\/hablemosclarotdf.com.ar\/wp-content\/uploads\/2025\/09\/photo_2025-09-24_17-58-20-768x511.jpg 768w, https:\/\/hablemosclarotdf.com.ar\/wp-content\/uploads\/2025\/09\/photo_2025-09-24_17-58-20.jpg 1280w\" sizes=\"auto, (max-width: 300px) 100vw, 300px\" \/> <img loading=\"lazy\" decoding=\"async\" class=\"alignnone size-medium wp-image-51984\" src=\"https:\/\/hablemosclarotdf.com.ar\/wp-content\/uploads\/2025\/09\/photo_2025-09-24_17-58-24-300x200.jpg\" alt=\"\" width=\"300\" height=\"200\" srcset=\"https:\/\/hablemosclarotdf.com.ar\/wp-content\/uploads\/2025\/09\/photo_2025-09-24_17-58-24-300x200.jpg 300w, https:\/\/hablemosclarotdf.com.ar\/wp-content\/uploads\/2025\/09\/photo_2025-09-24_17-58-24-1024x682.jpg 1024w, https:\/\/hablemosclarotdf.com.ar\/wp-content\/uploads\/2025\/09\/photo_2025-09-24_17-58-24-768x511.jpg 768w, https:\/\/hablemosclarotdf.com.ar\/wp-content\/uploads\/2025\/09\/photo_2025-09-24_17-58-24.jpg 1280w\" sizes=\"auto, (max-width: 300px) 100vw, 300px\" \/><\/p>\n","protected":false},"excerpt":{"rendered":"<p>En el marco de Juvenday, la jornada organizada por la Direcci\u00f3n de Juventudes para celebrar&#8230;<\/p>\n","protected":false},"author":1,"featured_media":51980,"comment_status":"closed","ping_status":"closed","sticky":false,"template":"","format":"standard","meta":{"footnotes":""},"categories":[3],"tags":[],"class_list":["post-51979","post","type-post","status-publish","format-standard","has-post-thumbnail","hentry","category-noticias"],"jetpack_featured_media_url":"https:\/\/hablemosclarotdf.com.ar\/wp-content\/uploads\/2025\/09\/photo_2025-09-24_17-58-04.jpg","_links":{"self":[{"href":"https:\/\/hablemosclarotdf.com.ar\/index.php?rest_route=\/wp\/v2\/posts\/51979","targetHints":{"allow":["GET"]}}],"collection":[{"href":"https:\/\/hablemosclarotdf.com.ar\/index.php?rest_route=\/wp\/v2\/posts"}],"about":[{"href":"https:\/\/hablemosclarotdf.com.ar\/index.php?rest_route=\/wp\/v2\/types\/post"}],"author":[{"embeddable":true,"href":"https:\/\/hablemosclarotdf.com.ar\/index.php?rest_route=\/wp\/v2\/users\/1"}],"replies":[{"embeddable":true,"href":"https:\/\/hablemosclarotdf.com.ar\/index.php?rest_route=%2Fwp%2Fv2%2Fcomments&post=51979"}],"version-history":[{"count":2,"href":"https:\/\/hablemosclarotdf.com.ar\/index.php?rest_route=\/wp\/v2\/posts\/51979\/revisions"}],"predecessor-version":[{"id":51987,"href":"https:\/\/hablemosclarotdf.com.ar\/index.php?rest_route=\/wp\/v2\/posts\/51979\/revisions\/51987"}],"wp:featuredmedia":[{"embeddable":true,"href":"https:\/\/hablemosclarotdf.com.ar\/index.php?rest_route=\/wp\/v2\/media\/51980"}],"wp:attachment":[{"href":"https:\/\/hablemosclarotdf.com.ar\/index.php?rest_route=%2Fwp%2Fv2%2Fmedia&parent=51979"}],"wp:term":[{"taxonomy":"category","embeddable":true,"href":"https:\/\/hablemosclarotdf.com.ar\/index.php?rest_route=%2Fwp%2Fv2%2Fcategories&post=51979"},{"taxonomy":"post_tag","embeddable":true,"href":"https:\/\/hablemosclarotdf.com.ar\/index.php?rest_route=%2Fwp%2Fv2%2Ftags&post=51979"}],"curies":[{"name":"wp","href":"https:\/\/api.w.org\/{rel}","templated":true}]}}