{"id":51958,"date":"2025-09-24T17:38:30","date_gmt":"2025-09-24T20:38:30","guid":{"rendered":"https:\/\/hablemosclarotdf.com.ar\/?p=51958"},"modified":"2025-09-24T17:38:30","modified_gmt":"2025-09-24T20:38:30","slug":"gobierno-promueve-la-concientizacion-sobre-prevencion-del-suicidio-con-encuentros-participativos-en-la-provincia","status":"publish","type":"post","link":"https:\/\/hablemosclarotdf.com.ar\/?p=51958","title":{"rendered":"GOBIERNO PROMUEVE LA CONCIENTIZACI\u00d3N SOBRE PREVENCI\u00d3N DEL SUICIDIO CON ENCUENTROS PARTICIPATIVOS EN LA PROVINCIA"},"content":{"rendered":"<p>El Gobierno provincial impuls\u00f3 encuentros abiertos a la comunidad en Ushuaia, Tolhuin y R\u00edo Grande, con el objetivo de promover la concientizaci\u00f3n y el tratamiento colectivo del suicidio desde una mirada territorial.<\/p>\n<p>Los conversatorios formaron parte de la agenda del \u201cMes de Concientizaci\u00f3n del Suicidio\u201d y se desarrollaron en distintos espacios p\u00fablicos. Asimismo, se destac\u00f3 el nivel de participaci\u00f3n de esta problem\u00e1tica social.<\/p>\n<p>La iniciativa, organizada por el Ministerio de Salud \u2014a trav\u00e9s de la Secretar\u00eda de Salud Mental y Problem\u00e1ticas de Consumo\u2014 junto a la cartera de Bienestar Ciudadano y Justicia, busc\u00f3 fomentar el abordaje responsable del suicidio desde una perspectiva territorial.<\/p>\n<p>El ciclo comenz\u00f3 en Tolhuin con el conversatorio \u201cClaves para el abordaje responsable de la problem\u00e1tica del suicidio en los medios\u201d, realizado \u00fanicamente por la Secretar\u00eda de Salud Mental y Problem\u00e1ticas de Consumo; propuesta a la que le siguieron los conversatorios articulados con Bienestar Ciudadano y de Justicia, denominados \u201cHablemos de suicidio. Abordaje territorial a una problem\u00e1tica social\u201d, realizado en Ushuaia, Tolhuin y R\u00edo Grande.<\/p>\n<p>El secretario de Salud Mental y Problem\u00e1ticas de Consumo, David de Piero, destac\u00f3 \u201cla participaci\u00f3n activa de la comunidad\u201d y coment\u00f3 que durante los encuentros realizados \u201clos participantes expusieron sus preocupaciones y consideraciones, valorando este tipo de encuentros\u201d, en el entendimiento de que \u201chablar de suicidio es tambi\u00e9n poder escuchar\u201d.<\/p>\n<p>La referente del Programa de Prevenci\u00f3n del Suicidio, Alejandra Potylicki, subray\u00f3 la importancia de generar espacios de escucha y contenci\u00f3n, se\u00f1alando que \u201cla prevenci\u00f3n es una tarea colectiva\u201d.<\/p>\n<p>\u201cTodos podemos aportar nuestro granito de arena desde el lugar que nos toca\u201d, remarc\u00f3; y consider\u00f3 que \u201ces importante escuchar con empat\u00eda, no minimizar el sufrimiento del que est\u00e1 alado y acompa\u00f1ar hacia los servicios de salud\u201d.<\/p>\n<p>Por su parte, la secretaria de Derechos Humanos e Igualdad, Sonia Splausky, remarc\u00f3 que \u201cesta problem\u00e1tica nos atraviesa como comunidad\u201d y valor\u00f3 el rol de las instituciones, credos y organizaciones sociales en la construcci\u00f3n de redes de apoyo.<\/p>\n<p>Adem\u00e1s, destac\u00f3 el aporte del \u00e1rea de Cultos, que abord\u00f3 el tema desde la fe y la espiritualidad, y de asociaciones como \u2018Mucho por Vivir\u2019, que compartieron testimonios significativos.<\/p>\n<p><img loading=\"lazy\" decoding=\"async\" class=\"alignnone size-medium wp-image-51960\" src=\"https:\/\/hablemosclarotdf.com.ar\/wp-content\/uploads\/2025\/09\/photo_2025-09-24_17-36-07-300x225.jpg\" alt=\"\" width=\"300\" height=\"225\" srcset=\"https:\/\/hablemosclarotdf.com.ar\/wp-content\/uploads\/2025\/09\/photo_2025-09-24_17-36-07-300x225.jpg 300w, https:\/\/hablemosclarotdf.com.ar\/wp-content\/uploads\/2025\/09\/photo_2025-09-24_17-36-07-1024x768.jpg 1024w, https:\/\/hablemosclarotdf.com.ar\/wp-content\/uploads\/2025\/09\/photo_2025-09-24_17-36-07-768x576.jpg 768w, https:\/\/hablemosclarotdf.com.ar\/wp-content\/uploads\/2025\/09\/photo_2025-09-24_17-36-07.jpg 1280w\" sizes=\"auto, (max-width: 300px) 100vw, 300px\" \/> <img loading=\"lazy\" decoding=\"async\" class=\"alignnone size-medium wp-image-51961\" src=\"https:\/\/hablemosclarotdf.com.ar\/wp-content\/uploads\/2025\/09\/photo_2025-09-24_17-36-11-300x200.jpg\" alt=\"\" width=\"300\" height=\"200\" srcset=\"https:\/\/hablemosclarotdf.com.ar\/wp-content\/uploads\/2025\/09\/photo_2025-09-24_17-36-11-300x200.jpg 300w, https:\/\/hablemosclarotdf.com.ar\/wp-content\/uploads\/2025\/09\/photo_2025-09-24_17-36-11-1024x682.jpg 1024w, https:\/\/hablemosclarotdf.com.ar\/wp-content\/uploads\/2025\/09\/photo_2025-09-24_17-36-11-768x511.jpg 768w, https:\/\/hablemosclarotdf.com.ar\/wp-content\/uploads\/2025\/09\/photo_2025-09-24_17-36-11.jpg 1280w\" sizes=\"auto, (max-width: 300px) 100vw, 300px\" \/> <img loading=\"lazy\" decoding=\"async\" class=\"alignnone size-medium wp-image-51962\" src=\"https:\/\/hablemosclarotdf.com.ar\/wp-content\/uploads\/2025\/09\/photo_2025-09-24_17-36-14-300x200.jpg\" alt=\"\" width=\"300\" height=\"200\" srcset=\"https:\/\/hablemosclarotdf.com.ar\/wp-content\/uploads\/2025\/09\/photo_2025-09-24_17-36-14-300x200.jpg 300w, https:\/\/hablemosclarotdf.com.ar\/wp-content\/uploads\/2025\/09\/photo_2025-09-24_17-36-14-1024x682.jpg 1024w, https:\/\/hablemosclarotdf.com.ar\/wp-content\/uploads\/2025\/09\/photo_2025-09-24_17-36-14-768x511.jpg 768w, https:\/\/hablemosclarotdf.com.ar\/wp-content\/uploads\/2025\/09\/photo_2025-09-24_17-36-14.jpg 1280w\" sizes=\"auto, (max-width: 300px) 100vw, 300px\" \/> <img loading=\"lazy\" decoding=\"async\" class=\"alignnone size-medium wp-image-51963\" src=\"https:\/\/hablemosclarotdf.com.ar\/wp-content\/uploads\/2025\/09\/photo_2025-09-24_17-36-19-300x202.jpg\" alt=\"\" width=\"300\" height=\"202\" srcset=\"https:\/\/hablemosclarotdf.com.ar\/wp-content\/uploads\/2025\/09\/photo_2025-09-24_17-36-19-300x202.jpg 300w, https:\/\/hablemosclarotdf.com.ar\/wp-content\/uploads\/2025\/09\/photo_2025-09-24_17-36-19-1024x690.jpg 1024w, https:\/\/hablemosclarotdf.com.ar\/wp-content\/uploads\/2025\/09\/photo_2025-09-24_17-36-19-768x517.jpg 768w, https:\/\/hablemosclarotdf.com.ar\/wp-content\/uploads\/2025\/09\/photo_2025-09-24_17-36-19.jpg 1280w\" sizes=\"auto, (max-width: 300px) 100vw, 300px\" \/> <img loading=\"lazy\" decoding=\"async\" class=\"alignnone size-medium wp-image-51964\" src=\"https:\/\/hablemosclarotdf.com.ar\/wp-content\/uploads\/2025\/09\/photo_2025-09-24_17-36-24-300x200.jpg\" alt=\"\" width=\"300\" height=\"200\" srcset=\"https:\/\/hablemosclarotdf.com.ar\/wp-content\/uploads\/2025\/09\/photo_2025-09-24_17-36-24-300x200.jpg 300w, https:\/\/hablemosclarotdf.com.ar\/wp-content\/uploads\/2025\/09\/photo_2025-09-24_17-36-24-1024x683.jpg 1024w, https:\/\/hablemosclarotdf.com.ar\/wp-content\/uploads\/2025\/09\/photo_2025-09-24_17-36-24-768x512.jpg 768w, https:\/\/hablemosclarotdf.com.ar\/wp-content\/uploads\/2025\/09\/photo_2025-09-24_17-36-24.jpg 1280w\" sizes=\"auto, (max-width: 300px) 100vw, 300px\" \/> <img loading=\"lazy\" decoding=\"async\" class=\"alignnone size-medium wp-image-51965\" src=\"https:\/\/hablemosclarotdf.com.ar\/wp-content\/uploads\/2025\/09\/photo_2025-09-24_17-36-33-300x200.jpg\" alt=\"\" width=\"300\" height=\"200\" srcset=\"https:\/\/hablemosclarotdf.com.ar\/wp-content\/uploads\/2025\/09\/photo_2025-09-24_17-36-33-300x200.jpg 300w, https:\/\/hablemosclarotdf.com.ar\/wp-content\/uploads\/2025\/09\/photo_2025-09-24_17-36-33-1024x683.jpg 1024w, https:\/\/hablemosclarotdf.com.ar\/wp-content\/uploads\/2025\/09\/photo_2025-09-24_17-36-33-768x512.jpg 768w, https:\/\/hablemosclarotdf.com.ar\/wp-content\/uploads\/2025\/09\/photo_2025-09-24_17-36-33.jpg 1280w\" sizes=\"auto, (max-width: 300px) 100vw, 300px\" \/> <img loading=\"lazy\" decoding=\"async\" class=\"alignnone size-medium wp-image-51966\" src=\"https:\/\/hablemosclarotdf.com.ar\/wp-content\/uploads\/2025\/09\/photo_2025-09-24_17-36-37-300x200.jpg\" alt=\"\" width=\"300\" height=\"200\" srcset=\"https:\/\/hablemosclarotdf.com.ar\/wp-content\/uploads\/2025\/09\/photo_2025-09-24_17-36-37-300x200.jpg 300w, https:\/\/hablemosclarotdf.com.ar\/wp-content\/uploads\/2025\/09\/photo_2025-09-24_17-36-37-1024x683.jpg 1024w, https:\/\/hablemosclarotdf.com.ar\/wp-content\/uploads\/2025\/09\/photo_2025-09-24_17-36-37-768x512.jpg 768w, https:\/\/hablemosclarotdf.com.ar\/wp-content\/uploads\/2025\/09\/photo_2025-09-24_17-36-37.jpg 1280w\" sizes=\"auto, (max-width: 300px) 100vw, 300px\" \/> <img loading=\"lazy\" decoding=\"async\" class=\"alignnone size-medium wp-image-51967\" src=\"https:\/\/hablemosclarotdf.com.ar\/wp-content\/uploads\/2025\/09\/photo_2025-09-24_17-36-42-300x200.jpg\" alt=\"\" width=\"300\" height=\"200\" srcset=\"https:\/\/hablemosclarotdf.com.ar\/wp-content\/uploads\/2025\/09\/photo_2025-09-24_17-36-42-300x200.jpg 300w, https:\/\/hablemosclarotdf.com.ar\/wp-content\/uploads\/2025\/09\/photo_2025-09-24_17-36-42-1024x683.jpg 1024w, https:\/\/hablemosclarotdf.com.ar\/wp-content\/uploads\/2025\/09\/photo_2025-09-24_17-36-42-768x512.jpg 768w, https:\/\/hablemosclarotdf.com.ar\/wp-content\/uploads\/2025\/09\/photo_2025-09-24_17-36-42.jpg 1280w\" sizes=\"auto, (max-width: 300px) 100vw, 300px\" \/><\/p>\n","protected":false},"excerpt":{"rendered":"<p>El Gobierno provincial impuls\u00f3 encuentros abiertos a la comunidad en Ushuaia, Tolhuin y R\u00edo Grande,&#8230;<\/p>\n","protected":false},"author":1,"featured_media":51959,"comment_status":"closed","ping_status":"closed","sticky":false,"template":"","format":"standard","meta":{"footnotes":""},"categories":[3],"tags":[],"class_list":["post-51958","post","type-post","status-publish","format-standard","has-post-thumbnail","hentry","category-noticias"],"jetpack_featured_media_url":"https:\/\/hablemosclarotdf.com.ar\/wp-content\/uploads\/2025\/09\/photo_2025-09-24_17-36-04.jpg","_links":{"self":[{"href":"https:\/\/hablemosclarotdf.com.ar\/index.php?rest_route=\/wp\/v2\/posts\/51958","targetHints":{"allow":["GET"]}}],"collection":[{"href":"https:\/\/hablemosclarotdf.com.ar\/index.php?rest_route=\/wp\/v2\/posts"}],"about":[{"href":"https:\/\/hablemosclarotdf.com.ar\/index.php?rest_route=\/wp\/v2\/types\/post"}],"author":[{"embeddable":true,"href":"https:\/\/hablemosclarotdf.com.ar\/index.php?rest_route=\/wp\/v2\/users\/1"}],"replies":[{"embeddable":true,"href":"https:\/\/hablemosclarotdf.com.ar\/index.php?rest_route=%2Fwp%2Fv2%2Fcomments&post=51958"}],"version-history":[{"count":1,"href":"https:\/\/hablemosclarotdf.com.ar\/index.php?rest_route=\/wp\/v2\/posts\/51958\/revisions"}],"predecessor-version":[{"id":51968,"href":"https:\/\/hablemosclarotdf.com.ar\/index.php?rest_route=\/wp\/v2\/posts\/51958\/revisions\/51968"}],"wp:featuredmedia":[{"embeddable":true,"href":"https:\/\/hablemosclarotdf.com.ar\/index.php?rest_route=\/wp\/v2\/media\/51959"}],"wp:attachment":[{"href":"https:\/\/hablemosclarotdf.com.ar\/index.php?rest_route=%2Fwp%2Fv2%2Fmedia&parent=51958"}],"wp:term":[{"taxonomy":"category","embeddable":true,"href":"https:\/\/hablemosclarotdf.com.ar\/index.php?rest_route=%2Fwp%2Fv2%2Fcategories&post=51958"},{"taxonomy":"post_tag","embeddable":true,"href":"https:\/\/hablemosclarotdf.com.ar\/index.php?rest_route=%2Fwp%2Fv2%2Ftags&post=51958"}],"curies":[{"name":"wp","href":"https:\/\/api.w.org\/{rel}","templated":true}]}}