{"id":51942,"date":"2025-09-24T14:01:30","date_gmt":"2025-09-24T17:01:30","guid":{"rendered":"https:\/\/hablemosclarotdf.com.ar\/?p=51942"},"modified":"2025-09-24T14:01:30","modified_gmt":"2025-09-24T17:01:30","slug":"ushuaia-la-municipalidad-impulsara-la-segunda-edicion-del-festival-flores-y-lapices","status":"publish","type":"post","link":"https:\/\/hablemosclarotdf.com.ar\/?p=51942","title":{"rendered":"USHUAIA : LA MUNICIPALIDAD  IMPULSAR\u00c1 LA SEGUNDA EDICI\u00d3N DEL \u201cFESTIVAL FLORES Y L\u00c1PICES\u201d"},"content":{"rendered":"<p>La propuesta se realizar\u00e1 en el CEPLA \u201cEl Palomar\u201d<\/p>\n<p>La Secretar\u00eda de Cultura y Educaci\u00f3n de la Municipalidad de Ushuaia, desde la Coordinaci\u00f3n de Juventudes y junto a la Uni\u00f3n de Estudiantes Secundarios Ushuaia, llevar\u00e1 adelante este s\u00e1bado 27 de septiembre a las 18:00 en el CEPLA \u201cEl Palomar\u201d la Segunda Edici\u00f3n del \u201cFestival Flores y L\u00e1pices\u201d, un espacio de encuentro, cultura y participaci\u00f3n juvenil.<br \/>\nLa propuesta, que ser\u00e1 con entrada libre y gratuita, contar\u00e1 con presentaciones art\u00edsticas a cargo de grupos y talentos locales, sorteos con premios, una hora de cine donde se proyectar\u00e1n materiales audiovisuales y la pintada de carteles, como espacio creativo y participativo.<br \/>\nBel\u00e9n Molina, Secretaria de Cultura y Educaci\u00f3n coment\u00f3 que \u201cesta propuesta naci\u00f3 con el inter\u00e9s de fortalecer y acompa\u00f1ar la expresi\u00f3n cultural de las juventudes, generando un espacio de encuentro abierto a toda la comunidad para celebrar la llegada de la primavera y el D\u00eda del Estudiante\u201d.<br \/>\nEn esa misma l\u00ednea Agust\u00edn Monz\u00f3n, coordinador de Juventudes, detall\u00f3 que \u201cesta fecha no es solo una celebraci\u00f3n, sino un tiempo de memoria y compromiso donde recordamos la Noche de los L\u00e1pices, reafirmando los derechos estudiantiles que se conquistaron con organizaci\u00f3n y lucha. Hoy, con la Uni\u00f3n de Estudiantes Secundarios como protagonista en Ushuaia, volvemos a poner en valor la importancia de que las juventudes tengan voz propia y sean parte activa de la vida democr\u00e1tica de nuestra ciudad\u201d.<br \/>\nPara conocer m\u00e1s sobre la Segunda Edici\u00f3n del \u201cFestival Flores y L\u00e1pices\u201d las y los interesados podr\u00e1n visitar las redes sociales de la Secretar\u00eda de Cultura y Educaci\u00f3n en @culturayeducacionush.<\/p>\n","protected":false},"excerpt":{"rendered":"<p>La propuesta se realizar\u00e1 en el CEPLA \u201cEl Palomar\u201d La Secretar\u00eda de Cultura y Educaci\u00f3n&#8230;<\/p>\n","protected":false},"author":1,"featured_media":51943,"comment_status":"closed","ping_status":"closed","sticky":false,"template":"","format":"standard","meta":{"footnotes":""},"categories":[3],"tags":[],"class_list":["post-51942","post","type-post","status-publish","format-standard","has-post-thumbnail","hentry","category-noticias"],"jetpack_featured_media_url":"https:\/\/hablemosclarotdf.com.ar\/wp-content\/uploads\/2025\/09\/photo_2025-09-24_14-00-53.jpg","_links":{"self":[{"href":"https:\/\/hablemosclarotdf.com.ar\/index.php?rest_route=\/wp\/v2\/posts\/51942","targetHints":{"allow":["GET"]}}],"collection":[{"href":"https:\/\/hablemosclarotdf.com.ar\/index.php?rest_route=\/wp\/v2\/posts"}],"about":[{"href":"https:\/\/hablemosclarotdf.com.ar\/index.php?rest_route=\/wp\/v2\/types\/post"}],"author":[{"embeddable":true,"href":"https:\/\/hablemosclarotdf.com.ar\/index.php?rest_route=\/wp\/v2\/users\/1"}],"replies":[{"embeddable":true,"href":"https:\/\/hablemosclarotdf.com.ar\/index.php?rest_route=%2Fwp%2Fv2%2Fcomments&post=51942"}],"version-history":[{"count":1,"href":"https:\/\/hablemosclarotdf.com.ar\/index.php?rest_route=\/wp\/v2\/posts\/51942\/revisions"}],"predecessor-version":[{"id":51944,"href":"https:\/\/hablemosclarotdf.com.ar\/index.php?rest_route=\/wp\/v2\/posts\/51942\/revisions\/51944"}],"wp:featuredmedia":[{"embeddable":true,"href":"https:\/\/hablemosclarotdf.com.ar\/index.php?rest_route=\/wp\/v2\/media\/51943"}],"wp:attachment":[{"href":"https:\/\/hablemosclarotdf.com.ar\/index.php?rest_route=%2Fwp%2Fv2%2Fmedia&parent=51942"}],"wp:term":[{"taxonomy":"category","embeddable":true,"href":"https:\/\/hablemosclarotdf.com.ar\/index.php?rest_route=%2Fwp%2Fv2%2Fcategories&post=51942"},{"taxonomy":"post_tag","embeddable":true,"href":"https:\/\/hablemosclarotdf.com.ar\/index.php?rest_route=%2Fwp%2Fv2%2Ftags&post=51942"}],"curies":[{"name":"wp","href":"https:\/\/api.w.org\/{rel}","templated":true}]}}