{"id":50360,"date":"2025-09-11T15:40:01","date_gmt":"2025-09-11T18:40:01","guid":{"rendered":"https:\/\/hablemosclarotdf.com.ar\/?p=50360"},"modified":"2025-09-11T15:40:01","modified_gmt":"2025-09-11T18:40:01","slug":"gobierno-continua-realizando-en-organismos-publicos-jornadas-de-prevencion-de-violencia-y-acoso-laboral","status":"publish","type":"post","link":"https:\/\/hablemosclarotdf.com.ar\/?p=50360","title":{"rendered":"GOBIERNO CONTIN\u00daA REALIZANDO EN ORGANISMOS P\u00daBLICOS  JORNADAS DE PREVENCI\u00d3N DE VIOLENCIA Y ACOSO LABORAL"},"content":{"rendered":"<p>A trav\u00e9s de la Oficina Provincial de Atenci\u00f3n y Tratamiento de Violencia y\/o Acoso Laboral (OPAVAL), la cartera laboral refuerza su pol\u00edtica de formaci\u00f3n orientada a promover espacios laborales libres de violencia.<\/p>\n<p>Durante el inicio del segundo semestre se llevaron adelante nuevos Talleres de Formaci\u00f3n dirigidos al personal del Servicio Penitenciario Provincial y a directivos y jefes de servicio del Centro Provincial de Rehabilitaci\u00f3n, dependiente del Ministerio de Salud.<\/p>\n<p>En este sentido, la ministra Sonia Castiglione subray\u00f3 la importancia de sostener una pol\u00edtica activa de prevenci\u00f3n y formaci\u00f3n en toda la provincia. Remarc\u00f3 el valor de estas acciones al se\u00f1alar que \u201clo m\u00e1s valioso de estas capacitaciones es que no se trata de acciones aisladas, sino de un trabajo sostenido que alcanza a distintos \u00e1mbitos de la provincia. Llegar a cada espacio, generar debate y brindar herramientas concretas nos permite construir un piso com\u00fan de derechos y responsabilidades en el mundo del trabajo\u201d.<\/p>\n<p>En ambos encuentros se abordaron los alcances del Convenio 190 y la Recomendaci\u00f3n 206 de la OIT, el Protocolo de Actuaci\u00f3n dispuesto por el Decreto Provincial N.\u00ba 2270\/22, y las funciones espec\u00edficas que cumple la OPAVAL dentro del Ministerio de Trabajo y Empleo.<\/p>\n<p>Las Jornadas se desarrollaron con alta participaci\u00f3n y receptividad por parte de las y los trabajadores. En ese sentido, la subsecretaria de Violencia Laboral, Daiana Yanel Ortiz, sostuvo que \u201ccada encuentro confirma la importancia de llevar esta capacitaci\u00f3n a los distintos organismos. Encontramos equipos con gran predisposici\u00f3n a escuchar, dialogar y repensar sus pr\u00e1cticas cotidianas, lo que convierte estas jornadas en una herramienta concreta de prevenci\u00f3n y sensibilizaci\u00f3n\u201d.<\/p>\n<p>Estas acciones se enmarcan en una estrategia integral que contempla la atenci\u00f3n de casos, la prevenci\u00f3n y la formaci\u00f3n continua en sectores tanto p\u00fablicos como privados. La OPAVAL sostiene una agenda activa de capacitaciones y acompa\u00f1amiento institucional en toda la provincia.<\/p>\n<p>\u201cCada encuentro confirma la necesidad de estar presentes en territorio, cerca de los equipos de trabajo. Es una tarea que exige continuidad y compromiso, y vamos a seguir avanzando para que cada organismo cuente con las herramientas necesarias para prevenir, actuar y acompa\u00f1ar ante situaciones de violencia o acoso\u201d concluy\u00f3 Ortiz.<\/p>\n<p>Para consultas o denuncias, las personas pueden comunicarse con la OPAVAL a trav\u00e9s del correo electr\u00f3nico: oval@trabajotdf.gob.ar o acercarse a las delegaciones del Ministerio de Trabajo y Empleo, en el horario de 9 a 15 hs: Juana Fadul 204 en Ushuaia, Pedro Oliva 526 en Tolhuin y Obligado 750 en R\u00edo Grande.<\/p>\n<p><img loading=\"lazy\" decoding=\"async\" class=\"alignnone size-medium wp-image-50362\" src=\"https:\/\/hablemosclarotdf.com.ar\/wp-content\/uploads\/2025\/09\/photo_2025-09-11_15-38-51-300x200.jpg\" alt=\"\" width=\"300\" height=\"200\" srcset=\"https:\/\/hablemosclarotdf.com.ar\/wp-content\/uploads\/2025\/09\/photo_2025-09-11_15-38-51-300x200.jpg 300w, https:\/\/hablemosclarotdf.com.ar\/wp-content\/uploads\/2025\/09\/photo_2025-09-11_15-38-51-1024x682.jpg 1024w, https:\/\/hablemosclarotdf.com.ar\/wp-content\/uploads\/2025\/09\/photo_2025-09-11_15-38-51-768x512.jpg 768w, https:\/\/hablemosclarotdf.com.ar\/wp-content\/uploads\/2025\/09\/photo_2025-09-11_15-38-51.jpg 1280w\" sizes=\"auto, (max-width: 300px) 100vw, 300px\" \/> <img loading=\"lazy\" decoding=\"async\" class=\"alignnone size-medium wp-image-50363\" src=\"https:\/\/hablemosclarotdf.com.ar\/wp-content\/uploads\/2025\/09\/photo_2025-09-11_15-38-55-300x200.jpg\" alt=\"\" width=\"300\" height=\"200\" srcset=\"https:\/\/hablemosclarotdf.com.ar\/wp-content\/uploads\/2025\/09\/photo_2025-09-11_15-38-55-300x200.jpg 300w, https:\/\/hablemosclarotdf.com.ar\/wp-content\/uploads\/2025\/09\/photo_2025-09-11_15-38-55-1024x682.jpg 1024w, https:\/\/hablemosclarotdf.com.ar\/wp-content\/uploads\/2025\/09\/photo_2025-09-11_15-38-55-768x512.jpg 768w, https:\/\/hablemosclarotdf.com.ar\/wp-content\/uploads\/2025\/09\/photo_2025-09-11_15-38-55.jpg 1280w\" sizes=\"auto, (max-width: 300px) 100vw, 300px\" \/><\/p>\n","protected":false},"excerpt":{"rendered":"<p>A trav\u00e9s de la Oficina Provincial de Atenci\u00f3n y Tratamiento de Violencia y\/o Acoso Laboral&#8230;<\/p>\n","protected":false},"author":1,"featured_media":50361,"comment_status":"closed","ping_status":"closed","sticky":false,"template":"","format":"standard","meta":{"footnotes":""},"categories":[3],"tags":[],"class_list":["post-50360","post","type-post","status-publish","format-standard","has-post-thumbnail","hentry","category-noticias"],"jetpack_featured_media_url":"https:\/\/hablemosclarotdf.com.ar\/wp-content\/uploads\/2025\/09\/photo_2025-09-11_15-38-39.jpg","_links":{"self":[{"href":"https:\/\/hablemosclarotdf.com.ar\/index.php?rest_route=\/wp\/v2\/posts\/50360","targetHints":{"allow":["GET"]}}],"collection":[{"href":"https:\/\/hablemosclarotdf.com.ar\/index.php?rest_route=\/wp\/v2\/posts"}],"about":[{"href":"https:\/\/hablemosclarotdf.com.ar\/index.php?rest_route=\/wp\/v2\/types\/post"}],"author":[{"embeddable":true,"href":"https:\/\/hablemosclarotdf.com.ar\/index.php?rest_route=\/wp\/v2\/users\/1"}],"replies":[{"embeddable":true,"href":"https:\/\/hablemosclarotdf.com.ar\/index.php?rest_route=%2Fwp%2Fv2%2Fcomments&post=50360"}],"version-history":[{"count":1,"href":"https:\/\/hablemosclarotdf.com.ar\/index.php?rest_route=\/wp\/v2\/posts\/50360\/revisions"}],"predecessor-version":[{"id":50364,"href":"https:\/\/hablemosclarotdf.com.ar\/index.php?rest_route=\/wp\/v2\/posts\/50360\/revisions\/50364"}],"wp:featuredmedia":[{"embeddable":true,"href":"https:\/\/hablemosclarotdf.com.ar\/index.php?rest_route=\/wp\/v2\/media\/50361"}],"wp:attachment":[{"href":"https:\/\/hablemosclarotdf.com.ar\/index.php?rest_route=%2Fwp%2Fv2%2Fmedia&parent=50360"}],"wp:term":[{"taxonomy":"category","embeddable":true,"href":"https:\/\/hablemosclarotdf.com.ar\/index.php?rest_route=%2Fwp%2Fv2%2Fcategories&post=50360"},{"taxonomy":"post_tag","embeddable":true,"href":"https:\/\/hablemosclarotdf.com.ar\/index.php?rest_route=%2Fwp%2Fv2%2Ftags&post=50360"}],"curies":[{"name":"wp","href":"https:\/\/api.w.org\/{rel}","templated":true}]}}