{"id":50336,"date":"2025-09-11T15:27:12","date_gmt":"2025-09-11T18:27:12","guid":{"rendered":"https:\/\/hablemosclarotdf.com.ar\/?p=50336"},"modified":"2025-09-11T15:27:12","modified_gmt":"2025-09-11T18:27:12","slug":"ushuaia-la-municipalidad-invita-a-participar-de-la-expo-feria-mes-de-la-primavera","status":"publish","type":"post","link":"https:\/\/hablemosclarotdf.com.ar\/?p=50336","title":{"rendered":"USHUAIA : LA MUNICIPALIDAD INVITA A PARTICIPAR DE LA EXPO FERIA \u2013 MES DE LA PRIMAVERA"},"content":{"rendered":"<p>La Municipalidad de Ushuaia, a trav\u00e9s de la Secretar\u00eda de Pol\u00edticas Sociales, Sanitarias y Derechos Humanos, invita a la comunidad a disfrutar de una nueva edici\u00f3n de la Expo Feria \u2013 Mes de la Primavera.<\/p>\n<p>El encuentro se llevar\u00e1 a cabo el s\u00e1bado 13 y domingo 14 de septiembre, de 14 a 20 horas, en el gimnasio del Colegio Don Bosco, con entrada libre y gratuita.<\/p>\n<p>Vecinas y vecinos podr\u00e1n recorrer una amplia propuesta de emprendedores, feriantes y cooperativas de la ciudad, que ofrecer\u00e1n productos de distintos rubros como gastronom\u00eda, panificaci\u00f3n, artesan\u00edas, indumentaria, regaler\u00eda, perfumer\u00eda, art\u00edculos de limpieza, jardiner\u00eda y mucho m\u00e1s.<\/p>\n<p>Desde la Municipalidad destacaron que la Expo Feria tiene como objetivo fortalecer la econom\u00eda social y solidaria, impulsar el consumo local y generar un espacio de encuentro y apoyo a quienes producen en la ciudad.<\/p>\n","protected":false},"excerpt":{"rendered":"<p>La Municipalidad de Ushuaia, a trav\u00e9s de la Secretar\u00eda de Pol\u00edticas Sociales, Sanitarias y Derechos&#8230;<\/p>\n","protected":false},"author":1,"featured_media":50337,"comment_status":"closed","ping_status":"closed","sticky":false,"template":"","format":"standard","meta":{"footnotes":""},"categories":[3],"tags":[],"class_list":["post-50336","post","type-post","status-publish","format-standard","has-post-thumbnail","hentry","category-noticias"],"jetpack_featured_media_url":"https:\/\/hablemosclarotdf.com.ar\/wp-content\/uploads\/2025\/09\/photo_2025-09-11_15-26-44.jpg","_links":{"self":[{"href":"https:\/\/hablemosclarotdf.com.ar\/index.php?rest_route=\/wp\/v2\/posts\/50336","targetHints":{"allow":["GET"]}}],"collection":[{"href":"https:\/\/hablemosclarotdf.com.ar\/index.php?rest_route=\/wp\/v2\/posts"}],"about":[{"href":"https:\/\/hablemosclarotdf.com.ar\/index.php?rest_route=\/wp\/v2\/types\/post"}],"author":[{"embeddable":true,"href":"https:\/\/hablemosclarotdf.com.ar\/index.php?rest_route=\/wp\/v2\/users\/1"}],"replies":[{"embeddable":true,"href":"https:\/\/hablemosclarotdf.com.ar\/index.php?rest_route=%2Fwp%2Fv2%2Fcomments&post=50336"}],"version-history":[{"count":1,"href":"https:\/\/hablemosclarotdf.com.ar\/index.php?rest_route=\/wp\/v2\/posts\/50336\/revisions"}],"predecessor-version":[{"id":50338,"href":"https:\/\/hablemosclarotdf.com.ar\/index.php?rest_route=\/wp\/v2\/posts\/50336\/revisions\/50338"}],"wp:featuredmedia":[{"embeddable":true,"href":"https:\/\/hablemosclarotdf.com.ar\/index.php?rest_route=\/wp\/v2\/media\/50337"}],"wp:attachment":[{"href":"https:\/\/hablemosclarotdf.com.ar\/index.php?rest_route=%2Fwp%2Fv2%2Fmedia&parent=50336"}],"wp:term":[{"taxonomy":"category","embeddable":true,"href":"https:\/\/hablemosclarotdf.com.ar\/index.php?rest_route=%2Fwp%2Fv2%2Fcategories&post=50336"},{"taxonomy":"post_tag","embeddable":true,"href":"https:\/\/hablemosclarotdf.com.ar\/index.php?rest_route=%2Fwp%2Fv2%2Ftags&post=50336"}],"curies":[{"name":"wp","href":"https:\/\/api.w.org\/{rel}","templated":true}]}}