{"id":50287,"date":"2025-09-11T11:04:35","date_gmt":"2025-09-11T14:04:35","guid":{"rendered":"https:\/\/hablemosclarotdf.com.ar\/?p=50287"},"modified":"2025-09-11T11:04:35","modified_gmt":"2025-09-11T14:04:35","slug":"rio-grande-ya-son-mas-de-2500-los-inscriptos-al-3o-congreso-internacional-de-prevencion-de-suicidio","status":"publish","type":"post","link":"https:\/\/hablemosclarotdf.com.ar\/?p=50287","title":{"rendered":"RIO GRANDE : YA SON M\u00c1S DE 2500 LOS INSCRIPTOS AL 3\u00ba CONGRESO INTERNACIONAL DE PREVENCI\u00d3N DE SUICIDIO"},"content":{"rendered":"<p>El mismo tendr\u00e1 lugar los d\u00edas 17 y 18 de septiembre en R\u00edo Grande, en el gimnasio del Colegio Don Bosco \u201cPadre Miguel Bonuccelli\u201d, y el 19 en Ushuaia, en el Sal\u00f3n Milenium del Hotel Las Hayas. Esta iniciativa, impulsada por el Municipio de R\u00edo Grande- a trav\u00e9s de la Secretar\u00eda de Salud- junto a la Asociaci\u00f3n de Psiquiatras de Am\u00e9rica Latina (APAL) y la Asociaci\u00f3n de Psiquiatras de Argentina (APSA), cuenta con el apoyo de la CAF, la Defensor\u00eda de la Naci\u00f3n, BGH, TotalEnergies, CEMEP, OSDE, Di Rienzo y la Cl\u00ednica San Jorge. A partir de la misma se busca brindar un espacio de formaci\u00f3n y reflexi\u00f3n sobre la salud mental desde un enfoque integral y comunitario. Las inscripciones para quienes deseen participar contin\u00faan abiertas a trav\u00e9s del link: https:\/\/bit.ly\/47iEtMn.<\/p>\n<p>El 3\u00b0 Congreso Internacional de Prevenci\u00f3n de Suicidio tiene como objetivo reforzar lo trabajado en sus ediciones anteriores y abordar nuevas problem\u00e1ticas y estrategias para la construcci\u00f3n de redes comunitarias de cuidado y apoyo ante situaciones psicosociales complejas. Su realizaci\u00f3n, organizada en conjunto con la Asociaci\u00f3n de Psiquiatras de Am\u00e9rica Latina (APAL), la Asociaci\u00f3n de Psiquiatras de Argentina (APSA) y con el apoyo de la CAF, la Defensor\u00eda de la Naci\u00f3n, BGH, TotalEnergies, CEMEP, OSDE, Di Rienzo y la Cl\u00ednica San Jorge, refleja el compromiso de la gesti\u00f3n del intendente Mart\u00edn Perez con el abordaje integral de la salud y la promoci\u00f3n de instancias de formaci\u00f3n para el cuidado de la salud mental de la comunidad.<\/p>\n<p>En este marco, ya son m\u00e1s de 2500 los inscriptos para participar de la propuesta formativa, destinada a profesionales del \u00e1rea de la salud y salud mental, comunidad educativa, fuerzas de seguridad, asociaciones civiles, medios de comunicaci\u00f3n, clubes deportivos y comunidad en general. Quienes deseen sumarse, deber\u00e1n inscribirse a trav\u00e9s del siguiente link: https:\/\/bit.ly\/47iEtMn.<\/p>\n<p>Cabe se\u00f1alar que el d\u00eda 18, en R\u00edo Grande y de forma paralela a su desarrollo en el Colegio Don Bosco, se llevar\u00e1 a cabo una jornada espec\u00edfica para fuerzas de seguridad y profesionales de la salud y salud mental.<\/p>\n<p>En esta edici\u00f3n, el Congreso contar\u00e1 con la presencia de destacados referentes nacionales e internacionales, entre ellos: el presidente de la Asociaci\u00f3n de Psiquiatras de Am\u00e9rica Latina (APAL), Dr. Santiago Levin; la secretaria General de APAL, Dra. Cora Luguercho; la secretaria regional CONOSUR APAL y miembro de la Sociedad de Psiquiatr\u00eda de Uruguay, Dra. Sandra Fuzul Romano; el presidente de la Asociaci\u00f3n de Psiquiatras de Argentina APSA, Dr. Esteban Toro Mart\u00ednez y el Dr. Paulo Amarante, formado en la Universidad Federal de R\u00edo de Janeiro, Brasil.<\/p>\n<p>Adem\u00e1s, ser\u00e1n disertantes el Dr. Hern\u00e1n Alessandria, presidente del Cap\u00edtulo de Suicidolog\u00eda APSA; el Dr. Demian Rodante, vicepresidente del mismo cap\u00edtulo; la Dra. Cecilia Garc\u00eda, secretaria acad\u00e9mica del Instituto Superior de Formaci\u00f3n de Posgrado (ISFP-APSA); el Dr. Pablo Vommaro, director ejecutivo de CLACSO e investigador del CONICET; y el Dr. H\u00e9ctor Basile, presidente honor\u00edfico de la Red Mundial de Suicid\u00f3logos. Entre los especialistas nacionales se suman la Lic. Claudia Pel\u00e1ez, creadora del Programa de Prevenci\u00f3n del Suicidio del Ministerio de Seguridad de la provincia de Buenos Aires; el Dr. Juan Jos\u00e9 Fern\u00e1ndez, psiquiatra general e infantojuvenil; la Lic. Andrea Ciliberto, psic\u00f3loga y docente hospitalaria de la Universidad Cat\u00f3lica Argentina; y la Lic. Silvia Montoya, licenciada en psicopedagog\u00eda y ciencias de la educaci\u00f3n.<\/p>\n<p>Por parte del Municipio de R\u00edo Grande, disertar\u00e1n el subsecretario de Salud, Dr. Agust\u00edn Perez y la directora de Abordaje Integral en Consumo Problem\u00e1tico &#8220;Hna Carla Riva&#8221;, Lic. Marcela Surano.<\/p>\n<p>Es de mencionar que varios de los disertantes presentes en R\u00edo Grande se trasladar\u00e1n a la capital fueguina, reafirmando el compromiso de la gesti\u00f3n del intendente Mart\u00edn Perez con la construcci\u00f3n de espacios de formaci\u00f3n y reflexi\u00f3n sobre la salud mental en toda Tierra del Fuego. De esta forma, el d\u00eda 19 el Congreso continuar\u00e1 en Ushuaia, en el Sal\u00f3n Milenium del Hotel Las Hayas, donde la acreditaci\u00f3n comenzar\u00e1 a las 13:30 horas.<\/p>\n<p>El Municipio de R\u00edo Grande, junto a APAL y APSA, a\u00fanan esfuerzos y recursos una vez m\u00e1s fortalecer la prevenci\u00f3n del suicidio y brindar a la comunidad fueguina herramientas concretas frente a las problem\u00e1ticas psicosociales, ratificando el compromiso de la gesti\u00f3n municipal con una pol\u00edtica de salud p\u00fablica integral.<\/p>\n<p><img loading=\"lazy\" decoding=\"async\" class=\"alignnone size-medium wp-image-50289\" src=\"https:\/\/hablemosclarotdf.com.ar\/wp-content\/uploads\/2025\/09\/photo_2025-09-11_11-03-34-300x184.jpg\" alt=\"\" width=\"300\" height=\"184\" srcset=\"https:\/\/hablemosclarotdf.com.ar\/wp-content\/uploads\/2025\/09\/photo_2025-09-11_11-03-34-300x184.jpg 300w, https:\/\/hablemosclarotdf.com.ar\/wp-content\/uploads\/2025\/09\/photo_2025-09-11_11-03-34-1024x626.jpg 1024w, https:\/\/hablemosclarotdf.com.ar\/wp-content\/uploads\/2025\/09\/photo_2025-09-11_11-03-34-768x470.jpg 768w, https:\/\/hablemosclarotdf.com.ar\/wp-content\/uploads\/2025\/09\/photo_2025-09-11_11-03-34.jpg 1280w\" sizes=\"auto, (max-width: 300px) 100vw, 300px\" \/> <img loading=\"lazy\" decoding=\"async\" class=\"alignnone size-medium wp-image-50290\" src=\"https:\/\/hablemosclarotdf.com.ar\/wp-content\/uploads\/2025\/09\/photo_2025-09-11_11-03-38-300x200.jpg\" alt=\"\" width=\"300\" height=\"200\" srcset=\"https:\/\/hablemosclarotdf.com.ar\/wp-content\/uploads\/2025\/09\/photo_2025-09-11_11-03-38-300x200.jpg 300w, https:\/\/hablemosclarotdf.com.ar\/wp-content\/uploads\/2025\/09\/photo_2025-09-11_11-03-38-768x512.jpg 768w, https:\/\/hablemosclarotdf.com.ar\/wp-content\/uploads\/2025\/09\/photo_2025-09-11_11-03-38.jpg 800w\" sizes=\"auto, (max-width: 300px) 100vw, 300px\" \/><\/p>\n","protected":false},"excerpt":{"rendered":"<p>El mismo tendr\u00e1 lugar los d\u00edas 17 y 18 de septiembre en R\u00edo Grande, en&#8230;<\/p>\n","protected":false},"author":1,"featured_media":50288,"comment_status":"closed","ping_status":"closed","sticky":false,"template":"","format":"standard","meta":{"footnotes":""},"categories":[3],"tags":[],"class_list":["post-50287","post","type-post","status-publish","format-standard","has-post-thumbnail","hentry","category-noticias"],"jetpack_featured_media_url":"https:\/\/hablemosclarotdf.com.ar\/wp-content\/uploads\/2025\/09\/photo_2025-09-11_11-03-23.jpg","_links":{"self":[{"href":"https:\/\/hablemosclarotdf.com.ar\/index.php?rest_route=\/wp\/v2\/posts\/50287","targetHints":{"allow":["GET"]}}],"collection":[{"href":"https:\/\/hablemosclarotdf.com.ar\/index.php?rest_route=\/wp\/v2\/posts"}],"about":[{"href":"https:\/\/hablemosclarotdf.com.ar\/index.php?rest_route=\/wp\/v2\/types\/post"}],"author":[{"embeddable":true,"href":"https:\/\/hablemosclarotdf.com.ar\/index.php?rest_route=\/wp\/v2\/users\/1"}],"replies":[{"embeddable":true,"href":"https:\/\/hablemosclarotdf.com.ar\/index.php?rest_route=%2Fwp%2Fv2%2Fcomments&post=50287"}],"version-history":[{"count":1,"href":"https:\/\/hablemosclarotdf.com.ar\/index.php?rest_route=\/wp\/v2\/posts\/50287\/revisions"}],"predecessor-version":[{"id":50291,"href":"https:\/\/hablemosclarotdf.com.ar\/index.php?rest_route=\/wp\/v2\/posts\/50287\/revisions\/50291"}],"wp:featuredmedia":[{"embeddable":true,"href":"https:\/\/hablemosclarotdf.com.ar\/index.php?rest_route=\/wp\/v2\/media\/50288"}],"wp:attachment":[{"href":"https:\/\/hablemosclarotdf.com.ar\/index.php?rest_route=%2Fwp%2Fv2%2Fmedia&parent=50287"}],"wp:term":[{"taxonomy":"category","embeddable":true,"href":"https:\/\/hablemosclarotdf.com.ar\/index.php?rest_route=%2Fwp%2Fv2%2Fcategories&post=50287"},{"taxonomy":"post_tag","embeddable":true,"href":"https:\/\/hablemosclarotdf.com.ar\/index.php?rest_route=%2Fwp%2Fv2%2Ftags&post=50287"}],"curies":[{"name":"wp","href":"https:\/\/api.w.org\/{rel}","templated":true}]}}