{"id":50233,"date":"2025-09-10T18:23:18","date_gmt":"2025-09-10T21:23:18","guid":{"rendered":"https:\/\/hablemosclarotdf.com.ar\/?p=50233"},"modified":"2025-09-10T18:23:18","modified_gmt":"2025-09-10T21:23:18","slug":"mes-de-concientizacion-del-suicidio-se-realizaran-espacios-de-dialogo-y-conversatorios-en-las-tres-ciudades","status":"publish","type":"post","link":"https:\/\/hablemosclarotdf.com.ar\/?p=50233","title":{"rendered":"MES DE CONCIENTIZACI\u00d3N DEL SUICIDIO: SE REALIZAR\u00c1N ESPACIOS DE DI\u00c1LOGO Y CONVERSATORIOS EN LAS TRES CIUDADES"},"content":{"rendered":"<p>El Ministerio de Salud, junto a la cartera de Bienestar Ciudadano y Justicia, organiza actividades en Tolhuin, Ushuaia y R\u00edo Grande para promover la concientizaci\u00f3n y el tratamiento comunitario de esta problem\u00e1tica.<\/p>\n<p>La propuesta -planteada en el marco del D\u00eda Mundial de Prevenci\u00f3n del Suicidio, que se conmemora el 10 de septiembre; y es impulsada por el Ministerio de Salud (a trav\u00e9s de la Secretar\u00eda de Salud Mental y Problem\u00e1ticas de Consumo), en articulaci\u00f3n con la cartera de Bienestar Ciudadano y Justicia- forma parte de la agenda del \u201cMes de Concientizaci\u00f3n del Suicidio\u201d y contempla encuentros en las tres ciudades fueguinas.<\/p>\n<p>La agenda del \u201cMes de Concientizaci\u00f3n del Suicidio\u201d contempla un conversatorio denominado \u201cClaves para el abordaje responsable de la problem\u00e1tica del suicidio en los medios\u201d, a llevarse adelante el jueves 11 de septiembre, a las 11hs en la Delegaci\u00f3n de Casa de Gobierno, en la localidad de Tolhuin, ubicada en la calle Rupatini N\u00ba 258.<\/p>\n<p>El martes 16 de septiembre, a las 11hs se realizar\u00e1 en Ushuaia el conversatorio \u201cHablemos de suicidio. Abordaje territorial a una problem\u00e1tica social\u201d, destinado al p\u00fablico en general, en el Sal\u00f3n del IPRA ubicado en la calle San Mart\u00edn N\u00ba 360.<\/p>\n<p>El mi\u00e9rcoles 17 de septiembre a las 11hs se realizar\u00e1 el mismo conversatorio de Ushuaia en la ciudad de Tolhuin, en el \u201cCentro Cultural Lola Kiepja\u201d, ubicado en la calle Muchay N\u00ba 820.<\/p>\n<p>El ciclo de conversatorios finalizar\u00e1 el martes 23 de septiembre a las 11hs en el Sal\u00f3n del IPRA de la ciudad de R\u00edo Grande (Perito Moreno 168), con la propuesta \u201cHablemos de suicidio. Abordaje territorial a una problem\u00e1tica social\u201d.<\/p>\n<p>La Referente del Programa de Prevenci\u00f3n del suicidio, Alejandra Potylicki, se expres\u00f3 sobre la importancia de llevar adelante estos espacios\u201dpara concientizar y hablar sobre la tramitaci\u00f3n del dolor en estos tiempos y los modos que cada uno encuentra para transitarlo de la mejor manera posible\u201d.<\/p>\n<p>En ese sentido subray\u00f3 que \u201cla prevenci\u00f3n es una tarea colectiva\u201d y asever\u00f3 que \u201ctodos podemos hacer algo: escuchar con empat\u00eda, no juzgar, no minimizar lo que el otro siente y acompa\u00f1ar hacia los servicios de salud\u201d.<\/p>\n<p>Potylicki consider\u00f3 que \u201cla comunidad es clave porque muchas veces la primera red de contenci\u00f3n es un familiar, un amigo o un compa\u00f1ero\u201d.<\/p>\n<p>\u201cNuestro desaf\u00edo hoy es redoblar los esfuerzos para trabajar sobre los m\u00e1s vulnerables\u201d, remarc\u00f3.<\/p>\n<p><img loading=\"lazy\" decoding=\"async\" class=\"alignnone size-medium wp-image-50235\" src=\"https:\/\/hablemosclarotdf.com.ar\/wp-content\/uploads\/2025\/09\/photo_2025-09-10_18-22-08-240x300.jpg\" alt=\"\" width=\"240\" height=\"300\" srcset=\"https:\/\/hablemosclarotdf.com.ar\/wp-content\/uploads\/2025\/09\/photo_2025-09-10_18-22-08-240x300.jpg 240w, https:\/\/hablemosclarotdf.com.ar\/wp-content\/uploads\/2025\/09\/photo_2025-09-10_18-22-08-819x1024.jpg 819w, https:\/\/hablemosclarotdf.com.ar\/wp-content\/uploads\/2025\/09\/photo_2025-09-10_18-22-08-768x960.jpg 768w, https:\/\/hablemosclarotdf.com.ar\/wp-content\/uploads\/2025\/09\/photo_2025-09-10_18-22-08.jpg 1024w\" sizes=\"auto, (max-width: 240px) 100vw, 240px\" \/><\/p>\n","protected":false},"excerpt":{"rendered":"<p>El Ministerio de Salud, junto a la cartera de Bienestar Ciudadano y Justicia, organiza actividades&#8230;<\/p>\n","protected":false},"author":1,"featured_media":50234,"comment_status":"closed","ping_status":"closed","sticky":false,"template":"","format":"standard","meta":{"footnotes":""},"categories":[3],"tags":[],"class_list":["post-50233","post","type-post","status-publish","format-standard","has-post-thumbnail","hentry","category-noticias"],"jetpack_featured_media_url":"https:\/\/hablemosclarotdf.com.ar\/wp-content\/uploads\/2025\/09\/photo_2025-09-10_18-22-04.jpg","_links":{"self":[{"href":"https:\/\/hablemosclarotdf.com.ar\/index.php?rest_route=\/wp\/v2\/posts\/50233","targetHints":{"allow":["GET"]}}],"collection":[{"href":"https:\/\/hablemosclarotdf.com.ar\/index.php?rest_route=\/wp\/v2\/posts"}],"about":[{"href":"https:\/\/hablemosclarotdf.com.ar\/index.php?rest_route=\/wp\/v2\/types\/post"}],"author":[{"embeddable":true,"href":"https:\/\/hablemosclarotdf.com.ar\/index.php?rest_route=\/wp\/v2\/users\/1"}],"replies":[{"embeddable":true,"href":"https:\/\/hablemosclarotdf.com.ar\/index.php?rest_route=%2Fwp%2Fv2%2Fcomments&post=50233"}],"version-history":[{"count":1,"href":"https:\/\/hablemosclarotdf.com.ar\/index.php?rest_route=\/wp\/v2\/posts\/50233\/revisions"}],"predecessor-version":[{"id":50236,"href":"https:\/\/hablemosclarotdf.com.ar\/index.php?rest_route=\/wp\/v2\/posts\/50233\/revisions\/50236"}],"wp:featuredmedia":[{"embeddable":true,"href":"https:\/\/hablemosclarotdf.com.ar\/index.php?rest_route=\/wp\/v2\/media\/50234"}],"wp:attachment":[{"href":"https:\/\/hablemosclarotdf.com.ar\/index.php?rest_route=%2Fwp%2Fv2%2Fmedia&parent=50233"}],"wp:term":[{"taxonomy":"category","embeddable":true,"href":"https:\/\/hablemosclarotdf.com.ar\/index.php?rest_route=%2Fwp%2Fv2%2Fcategories&post=50233"},{"taxonomy":"post_tag","embeddable":true,"href":"https:\/\/hablemosclarotdf.com.ar\/index.php?rest_route=%2Fwp%2Fv2%2Ftags&post=50233"}],"curies":[{"name":"wp","href":"https:\/\/api.w.org\/{rel}","templated":true}]}}