{"id":50219,"date":"2025-09-10T18:10:08","date_gmt":"2025-09-10T21:10:08","guid":{"rendered":"https:\/\/hablemosclarotdf.com.ar\/?p=50219"},"modified":"2025-09-10T18:10:08","modified_gmt":"2025-09-10T21:10:08","slug":"ushuaia-este-sabado-la-muni-mas-cerca-estara-en-los-barrios-pipo-kaupen-y-kyd","status":"publish","type":"post","link":"https:\/\/hablemosclarotdf.com.ar\/?p=50219","title":{"rendered":"USHUAIA : ESTE S\u00c1BADO \u201cLA MUNI M\u00c1S CERCA\u201d ESTAR\u00c1 EN LOS BARRIOS PIPO, KAUP\u00c9N Y KYD"},"content":{"rendered":"<p>La Municipalidad de Ushuaia desplegar\u00e1 este s\u00e1bado 13 de septiembre el dispositivo \u201cLa Muni m\u00e1s Cerca\u201d en los barrios Pipo, Kaup\u00e9n y el macizo KyD, con la presencia de distintas secretar\u00edas que acercar\u00e1n servicios y prestaciones a vecinos y vecinas.<br \/>\nEn el barrio Pipo, la actividad se desarrollar\u00e1 de 11 a 15 horas en el Jard\u00edn N\u00b0 28. All\u00ed, la Secretar\u00eda de Pol\u00edticas Sociales, Sanitarias y DDHH a trav\u00e9s del \u00e1rea de Salud Municipal realizar\u00e1 controles para la mujer, controles de ni\u00f1o sano, test de agudeza visual y testeos de HIV y s\u00edfilis. Adem\u00e1s, la Direcci\u00f3n de Zoonosis entregar\u00e1 turnos para castraci\u00f3n, llevar\u00e1 adelante chipeo de mascotas y entregar\u00e1 antiparasitarios. Tambi\u00e9n estar\u00e1 presente la Secretar\u00eda de las Mujeres, G\u00e9neros y Diversidades para brindar asesoramiento e informar sobre las propuestas e iniciativas que impulsa el \u00e1rea.<br \/>\nEn paralelo, desde las 9 horas en los barrios Kaup\u00e9n y sector KyD, la Secretar\u00eda de Ambiente y Desarrollo Sustentable desarrollar\u00e1 una jornada de recolecci\u00f3n de residuos voluminosos, limpieza integral y relevamiento ambiental de las familias.<br \/>\nAsimismo, personal de Servicios P\u00fablicos realizar\u00e1 arreglos y refacciones en espacios comunitarios, mientras que en el Centro de Atenci\u00f3n Vecinal se brindar\u00e1 atenci\u00f3n a vecinos y vecinas.<\/p>\n<p><img loading=\"lazy\" decoding=\"async\" class=\"alignnone size-medium wp-image-50221\" src=\"https:\/\/hablemosclarotdf.com.ar\/wp-content\/uploads\/2025\/09\/photo_2025-09-10_18-08-25-240x300.jpg\" alt=\"\" width=\"240\" height=\"300\" srcset=\"https:\/\/hablemosclarotdf.com.ar\/wp-content\/uploads\/2025\/09\/photo_2025-09-10_18-08-25-240x300.jpg 240w, https:\/\/hablemosclarotdf.com.ar\/wp-content\/uploads\/2025\/09\/photo_2025-09-10_18-08-25-818x1024.jpg 818w, https:\/\/hablemosclarotdf.com.ar\/wp-content\/uploads\/2025\/09\/photo_2025-09-10_18-08-25-768x961.jpg 768w, https:\/\/hablemosclarotdf.com.ar\/wp-content\/uploads\/2025\/09\/photo_2025-09-10_18-08-25.jpg 1023w\" sizes=\"auto, (max-width: 240px) 100vw, 240px\" \/> <img loading=\"lazy\" decoding=\"async\" class=\"alignnone size-medium wp-image-50222\" src=\"https:\/\/hablemosclarotdf.com.ar\/wp-content\/uploads\/2025\/09\/photo_2025-09-10_18-08-29-169x300.jpg\" alt=\"\" width=\"169\" height=\"300\" srcset=\"https:\/\/hablemosclarotdf.com.ar\/wp-content\/uploads\/2025\/09\/photo_2025-09-10_18-08-29-169x300.jpg 169w, https:\/\/hablemosclarotdf.com.ar\/wp-content\/uploads\/2025\/09\/photo_2025-09-10_18-08-29-575x1024.jpg 575w, https:\/\/hablemosclarotdf.com.ar\/wp-content\/uploads\/2025\/09\/photo_2025-09-10_18-08-29.jpg 719w\" sizes=\"auto, (max-width: 169px) 100vw, 169px\" \/> <img loading=\"lazy\" decoding=\"async\" class=\"alignnone size-medium wp-image-50223\" src=\"https:\/\/hablemosclarotdf.com.ar\/wp-content\/uploads\/2025\/09\/photo_2025-09-10_18-08-37-240x300.jpg\" alt=\"\" width=\"240\" height=\"300\" srcset=\"https:\/\/hablemosclarotdf.com.ar\/wp-content\/uploads\/2025\/09\/photo_2025-09-10_18-08-37-240x300.jpg 240w, https:\/\/hablemosclarotdf.com.ar\/wp-content\/uploads\/2025\/09\/photo_2025-09-10_18-08-37-818x1024.jpg 818w, https:\/\/hablemosclarotdf.com.ar\/wp-content\/uploads\/2025\/09\/photo_2025-09-10_18-08-37-768x961.jpg 768w, https:\/\/hablemosclarotdf.com.ar\/wp-content\/uploads\/2025\/09\/photo_2025-09-10_18-08-37.jpg 1023w\" sizes=\"auto, (max-width: 240px) 100vw, 240px\" \/><\/p>\n","protected":false},"excerpt":{"rendered":"<p>La Municipalidad de Ushuaia desplegar\u00e1 este s\u00e1bado 13 de septiembre el dispositivo \u201cLa Muni m\u00e1s&#8230;<\/p>\n","protected":false},"author":1,"featured_media":50220,"comment_status":"closed","ping_status":"closed","sticky":false,"template":"","format":"standard","meta":{"footnotes":""},"categories":[3],"tags":[],"class_list":["post-50219","post","type-post","status-publish","format-standard","has-post-thumbnail","hentry","category-noticias"],"jetpack_featured_media_url":"https:\/\/hablemosclarotdf.com.ar\/wp-content\/uploads\/2025\/09\/photo_2025-09-10_18-08-18.jpg","_links":{"self":[{"href":"https:\/\/hablemosclarotdf.com.ar\/index.php?rest_route=\/wp\/v2\/posts\/50219","targetHints":{"allow":["GET"]}}],"collection":[{"href":"https:\/\/hablemosclarotdf.com.ar\/index.php?rest_route=\/wp\/v2\/posts"}],"about":[{"href":"https:\/\/hablemosclarotdf.com.ar\/index.php?rest_route=\/wp\/v2\/types\/post"}],"author":[{"embeddable":true,"href":"https:\/\/hablemosclarotdf.com.ar\/index.php?rest_route=\/wp\/v2\/users\/1"}],"replies":[{"embeddable":true,"href":"https:\/\/hablemosclarotdf.com.ar\/index.php?rest_route=%2Fwp%2Fv2%2Fcomments&post=50219"}],"version-history":[{"count":1,"href":"https:\/\/hablemosclarotdf.com.ar\/index.php?rest_route=\/wp\/v2\/posts\/50219\/revisions"}],"predecessor-version":[{"id":50224,"href":"https:\/\/hablemosclarotdf.com.ar\/index.php?rest_route=\/wp\/v2\/posts\/50219\/revisions\/50224"}],"wp:featuredmedia":[{"embeddable":true,"href":"https:\/\/hablemosclarotdf.com.ar\/index.php?rest_route=\/wp\/v2\/media\/50220"}],"wp:attachment":[{"href":"https:\/\/hablemosclarotdf.com.ar\/index.php?rest_route=%2Fwp%2Fv2%2Fmedia&parent=50219"}],"wp:term":[{"taxonomy":"category","embeddable":true,"href":"https:\/\/hablemosclarotdf.com.ar\/index.php?rest_route=%2Fwp%2Fv2%2Fcategories&post=50219"},{"taxonomy":"post_tag","embeddable":true,"href":"https:\/\/hablemosclarotdf.com.ar\/index.php?rest_route=%2Fwp%2Fv2%2Ftags&post=50219"}],"curies":[{"name":"wp","href":"https:\/\/api.w.org\/{rel}","templated":true}]}}