{"id":50205,"date":"2025-09-10T14:53:32","date_gmt":"2025-09-10T17:53:32","guid":{"rendered":"https:\/\/hablemosclarotdf.com.ar\/?p=50205"},"modified":"2025-09-10T14:53:32","modified_gmt":"2025-09-10T17:53:32","slug":"rio-grande-el-municipio-abre-nuevas-inscripciones-para-el-seminario-de-electricidad-industrial","status":"publish","type":"post","link":"https:\/\/hablemosclarotdf.com.ar\/?p=50205","title":{"rendered":"RIO GRANDE : EL MUNICIPIO ABRE NUEVAS INSCRIPCIONES PARA EL SEMINARIO DE ELECTRICIDAD INDUSTRIAL"},"content":{"rendered":"<p>La propuesta est\u00e1 dirigida a personas con conocimientos previos en electricidad con el objetivo de potenciar su desarrollo personal y profesional en el \u00e1rea industrial. Las inscripciones se realizar\u00e1n el jueves 11 de septiembre, mediante el siguiente link: https:\/\/bit.ly\/48DgtAp.<\/p>\n<p>El Municipio de R\u00edo Grande, a trav\u00e9s de la Direcci\u00f3n de Empleo, dependiente de la Secretar\u00eda de Desarrollo Productivo, contin\u00faa fortaleciendo su compromiso con la capacitaci\u00f3n y el desarrollo profesional de los vecinos y vecinas de la ciudad bajo el programa &#8220;Formarte es Crecer&#8221;. En esta ocasi\u00f3n, se abren las inscripciones para participar del Seminario de Electricidad Industrial B\u00e1sico, una oportunidad clave para quienes buscan especializarse en el \u00e1mbito productivo.<\/p>\n<p>La electricidad industrial es un pilar fundamental en la operaci\u00f3n y el mantenimiento de sistemas complejos en entornos productivos y fabriles. En este marco, el curso ofrece en cuatro encuentros una visi\u00f3n integral de las instalaciones el\u00e9ctricas industriales, abordando desde la generaci\u00f3n de energ\u00eda hasta su distribuci\u00f3n y seguridad, preparando a los futuros electricistas para afrontar los desaf\u00edos de un entorno en constante evoluci\u00f3n.<\/p>\n<p>Aquellos interesados en formar parte deber\u00e1n inscribirse a partir del jueves 11 de septiembre a trav\u00e9s del siguiente link https:\/\/bit.ly\/48DgtAp. El curso se llevar\u00e1 adelante los d\u00edas lunes de 16:30 a 18:30 horas en la Oficina de Empleo (San Mart\u00edn 619).<\/p>\n<p>Es de mencionar que este espacio de formaci\u00f3n estar\u00e1 disponible todos los meses, hasta diciembre, permitiendo a los vecinos y vecinas sumarse en distintas etapas del a\u00f1o.<\/p>\n<p>Con esta propuesta, el Municipio reafirma su compromiso de generar oportunidades concretas para el crecimiento personal y profesional de las y los riograndenses.<\/p>\n","protected":false},"excerpt":{"rendered":"<p>La propuesta est\u00e1 dirigida a personas con conocimientos previos en electricidad con el objetivo de&#8230;<\/p>\n","protected":false},"author":1,"featured_media":50206,"comment_status":"closed","ping_status":"closed","sticky":false,"template":"","format":"standard","meta":{"footnotes":""},"categories":[3],"tags":[],"class_list":["post-50205","post","type-post","status-publish","format-standard","has-post-thumbnail","hentry","category-noticias"],"jetpack_featured_media_url":"https:\/\/hablemosclarotdf.com.ar\/wp-content\/uploads\/2025\/09\/photo_2025-09-10_14-52-52.jpg","_links":{"self":[{"href":"https:\/\/hablemosclarotdf.com.ar\/index.php?rest_route=\/wp\/v2\/posts\/50205","targetHints":{"allow":["GET"]}}],"collection":[{"href":"https:\/\/hablemosclarotdf.com.ar\/index.php?rest_route=\/wp\/v2\/posts"}],"about":[{"href":"https:\/\/hablemosclarotdf.com.ar\/index.php?rest_route=\/wp\/v2\/types\/post"}],"author":[{"embeddable":true,"href":"https:\/\/hablemosclarotdf.com.ar\/index.php?rest_route=\/wp\/v2\/users\/1"}],"replies":[{"embeddable":true,"href":"https:\/\/hablemosclarotdf.com.ar\/index.php?rest_route=%2Fwp%2Fv2%2Fcomments&post=50205"}],"version-history":[{"count":1,"href":"https:\/\/hablemosclarotdf.com.ar\/index.php?rest_route=\/wp\/v2\/posts\/50205\/revisions"}],"predecessor-version":[{"id":50207,"href":"https:\/\/hablemosclarotdf.com.ar\/index.php?rest_route=\/wp\/v2\/posts\/50205\/revisions\/50207"}],"wp:featuredmedia":[{"embeddable":true,"href":"https:\/\/hablemosclarotdf.com.ar\/index.php?rest_route=\/wp\/v2\/media\/50206"}],"wp:attachment":[{"href":"https:\/\/hablemosclarotdf.com.ar\/index.php?rest_route=%2Fwp%2Fv2%2Fmedia&parent=50205"}],"wp:term":[{"taxonomy":"category","embeddable":true,"href":"https:\/\/hablemosclarotdf.com.ar\/index.php?rest_route=%2Fwp%2Fv2%2Fcategories&post=50205"},{"taxonomy":"post_tag","embeddable":true,"href":"https:\/\/hablemosclarotdf.com.ar\/index.php?rest_route=%2Fwp%2Fv2%2Ftags&post=50205"}],"curies":[{"name":"wp","href":"https:\/\/api.w.org\/{rel}","templated":true}]}}