{"id":50194,"date":"2025-09-10T13:57:19","date_gmt":"2025-09-10T16:57:19","guid":{"rendered":"https:\/\/hablemosclarotdf.com.ar\/?p=50194"},"modified":"2025-09-10T13:57:19","modified_gmt":"2025-09-10T16:57:19","slug":"rio-grandde-el-municipio-acompano-el-festejo-del-dia-de-las-infancias-organizado-por-todo-por-amor","status":"publish","type":"post","link":"https:\/\/hablemosclarotdf.com.ar\/?p=50194","title":{"rendered":"RIO GRANDDE : EL MUNICIPIO ACOMPA\u00d1\u00d3 EL FESTEJO DEL D\u00cdA DE LAS INFANCIAS ORGANIZADO POR \u201cTODO POR AMOR\u201d"},"content":{"rendered":"<p>El Municipio de R\u00edo Grande acompa\u00f1\u00f3 el festejo del D\u00eda de las Infancias organizado por la Asociaci\u00f3n Civil \u201cTodo por Amor\u201d, que tuvo lugar en el Espacio Joven de Zona Sur y reuni\u00f3 a numerosas familias que disfrutaron de una tarde de juegos, m\u00fasica y alegr\u00eda.<\/p>\n<p>Del encuentro participaron el secretario de Gesti\u00f3n Ciudadana, Gonzalo Ferro; la subsecretaria de Participaci\u00f3n Ciudadana, D\u00e9bora Galichini; y el director general de Participaci\u00f3n Vecinal, Rodrigo Cazenave, quienes compartieron la jornada junto a los vecinos y vecinas.<\/p>\n<p>Marta Gorosito, titular de la Asociaci\u00f3n, expres\u00f3 con emoci\u00f3n: \u201cMi coraz\u00f3n desborda de alegr\u00eda al saber que mi gente, del comedor Todo Por Amor, pudo venir al Espacio Joven a pasar una tarde hermosa y saber que cuento con el respaldo de gente del Municipio\u201d. Y agreg\u00f3: \u201cEst\u00e1 bueno trabajar todos juntos, porque de eso se trata, que la gente que est\u00e1 necesitando vea que nosotros, los referentes, realmente estamos respaldados, porque todos nos necesitamos y m\u00e1s en estos tiempos dif\u00edciles\u201d.<\/p>\n<p>En tanto, el secretario Gonzalo Ferro se\u00f1al\u00f3 que \u201cR\u00edo Grande se construye entre todos y todas, un Municipio de cercan\u00eda, un Municipio que acompa\u00f1a, con vecinos y vecinas como Marta que est\u00e1n comprometidos con su ciudad\u201d.<\/p>\n<p>De esta manera, el Municipio reafirma su compromiso de acompa\u00f1ar a las organizaciones sociales y comunitarias que trabajan d\u00eda a d\u00eda por la contenci\u00f3n y el bienestar de ni\u00f1os, ni\u00f1as y familias de la ciudad.<\/p>\n","protected":false},"excerpt":{"rendered":"<p>El Municipio de R\u00edo Grande acompa\u00f1\u00f3 el festejo del D\u00eda de las Infancias organizado por&#8230;<\/p>\n","protected":false},"author":1,"featured_media":50195,"comment_status":"closed","ping_status":"closed","sticky":false,"template":"","format":"standard","meta":{"footnotes":""},"categories":[3],"tags":[],"class_list":["post-50194","post","type-post","status-publish","format-standard","has-post-thumbnail","hentry","category-noticias"],"jetpack_featured_media_url":"https:\/\/hablemosclarotdf.com.ar\/wp-content\/uploads\/2025\/09\/photo_2025-09-10_13-56-24.jpg","_links":{"self":[{"href":"https:\/\/hablemosclarotdf.com.ar\/index.php?rest_route=\/wp\/v2\/posts\/50194","targetHints":{"allow":["GET"]}}],"collection":[{"href":"https:\/\/hablemosclarotdf.com.ar\/index.php?rest_route=\/wp\/v2\/posts"}],"about":[{"href":"https:\/\/hablemosclarotdf.com.ar\/index.php?rest_route=\/wp\/v2\/types\/post"}],"author":[{"embeddable":true,"href":"https:\/\/hablemosclarotdf.com.ar\/index.php?rest_route=\/wp\/v2\/users\/1"}],"replies":[{"embeddable":true,"href":"https:\/\/hablemosclarotdf.com.ar\/index.php?rest_route=%2Fwp%2Fv2%2Fcomments&post=50194"}],"version-history":[{"count":1,"href":"https:\/\/hablemosclarotdf.com.ar\/index.php?rest_route=\/wp\/v2\/posts\/50194\/revisions"}],"predecessor-version":[{"id":50196,"href":"https:\/\/hablemosclarotdf.com.ar\/index.php?rest_route=\/wp\/v2\/posts\/50194\/revisions\/50196"}],"wp:featuredmedia":[{"embeddable":true,"href":"https:\/\/hablemosclarotdf.com.ar\/index.php?rest_route=\/wp\/v2\/media\/50195"}],"wp:attachment":[{"href":"https:\/\/hablemosclarotdf.com.ar\/index.php?rest_route=%2Fwp%2Fv2%2Fmedia&parent=50194"}],"wp:term":[{"taxonomy":"category","embeddable":true,"href":"https:\/\/hablemosclarotdf.com.ar\/index.php?rest_route=%2Fwp%2Fv2%2Fcategories&post=50194"},{"taxonomy":"post_tag","embeddable":true,"href":"https:\/\/hablemosclarotdf.com.ar\/index.php?rest_route=%2Fwp%2Fv2%2Ftags&post=50194"}],"curies":[{"name":"wp","href":"https:\/\/api.w.org\/{rel}","templated":true}]}}