{"id":50180,"date":"2025-09-10T13:51:41","date_gmt":"2025-09-10T16:51:41","guid":{"rendered":"https:\/\/hablemosclarotdf.com.ar\/?p=50180"},"modified":"2025-09-10T13:51:41","modified_gmt":"2025-09-10T16:51:41","slug":"ushuaia-el-municipio-acompana-la-proyeccion-del-documental-antartida-dominio-1","status":"publish","type":"post","link":"https:\/\/hablemosclarotdf.com.ar\/?p=50180","title":{"rendered":"USHUAIA : EL MUNICIPIO  ACOMPA\u00d1A LA PROYECCI\u00d3N DEL DOCUMENTAL \u201cANT\u00c1RTIDA-DOMINIO 1\u201d"},"content":{"rendered":"<p>Este s\u00e1bado 13 y domingo 14 de septiembre se proyectar\u00e1 el documental \u201cAnt\u00e1rtida-Dominio 1\u201d en el cine Sunstar ubicado en el shopping Paseo del Fuego, con el acompa\u00f1amiento de la Municipalidad de Ushuaia.<br \/>\nNarrada por Ricardo Dar\u00edn y con m\u00fasica del Chango Spasiuk la pel\u00edcula tiene un fuerte mensaje ambiental y relata la odisea de Joaqu\u00edn y Juli\u00e1n Azulay -conocidos como Gauchos del Mar-, quienes navegaron desde Ushuaia hasta la Pen\u00ednsula Ant\u00e1rtica en busca de la ola m\u00e1s austral del mundo, apoyando a la vez la creaci\u00f3n de un \u00e1rea marina protegida en el Dominio 1.<br \/>\n\u201cEste es el proyecto m\u00e1s grande y desafiante que hicimos tanto desde la producci\u00f3n como del mensaje y la causa\u201d, dijo Joaqu\u00edn Azulay sobre la pel\u00edcula, que combina la aventura extrema con un llamado urgente a la conservaci\u00f3n global del continente blanco.<br \/>\nEn ambas funciones estar\u00e1 presente Joaqu\u00edn, quien tras la proyecci\u00f3n mantendr\u00e1 un ida y vuelta con el p\u00fablico presente.<br \/>\nLas entradas para la funci\u00f3n del s\u00e1bado est\u00e1n agotadas, mientras que contin\u00faan disponibles para la presentaci\u00f3n del domingo.<br \/>\nLos interesados podr\u00e1n adquirirlas en el link gauchosdelmar.com, y de manera presencial en el local Esp\u00edritu Fueguino ubicado en calle Rivadavia 56.<\/p>\n","protected":false},"excerpt":{"rendered":"<p>Este s\u00e1bado 13 y domingo 14 de septiembre se proyectar\u00e1 el documental \u201cAnt\u00e1rtida-Dominio 1\u201d en&#8230;<\/p>\n","protected":false},"author":1,"featured_media":50181,"comment_status":"closed","ping_status":"closed","sticky":false,"template":"","format":"standard","meta":{"footnotes":""},"categories":[3],"tags":[],"class_list":["post-50180","post","type-post","status-publish","format-standard","has-post-thumbnail","hentry","category-noticias"],"jetpack_featured_media_url":"https:\/\/hablemosclarotdf.com.ar\/wp-content\/uploads\/2025\/09\/photo_2025-09-10_13-49-46.jpg","_links":{"self":[{"href":"https:\/\/hablemosclarotdf.com.ar\/index.php?rest_route=\/wp\/v2\/posts\/50180","targetHints":{"allow":["GET"]}}],"collection":[{"href":"https:\/\/hablemosclarotdf.com.ar\/index.php?rest_route=\/wp\/v2\/posts"}],"about":[{"href":"https:\/\/hablemosclarotdf.com.ar\/index.php?rest_route=\/wp\/v2\/types\/post"}],"author":[{"embeddable":true,"href":"https:\/\/hablemosclarotdf.com.ar\/index.php?rest_route=\/wp\/v2\/users\/1"}],"replies":[{"embeddable":true,"href":"https:\/\/hablemosclarotdf.com.ar\/index.php?rest_route=%2Fwp%2Fv2%2Fcomments&post=50180"}],"version-history":[{"count":1,"href":"https:\/\/hablemosclarotdf.com.ar\/index.php?rest_route=\/wp\/v2\/posts\/50180\/revisions"}],"predecessor-version":[{"id":50182,"href":"https:\/\/hablemosclarotdf.com.ar\/index.php?rest_route=\/wp\/v2\/posts\/50180\/revisions\/50182"}],"wp:featuredmedia":[{"embeddable":true,"href":"https:\/\/hablemosclarotdf.com.ar\/index.php?rest_route=\/wp\/v2\/media\/50181"}],"wp:attachment":[{"href":"https:\/\/hablemosclarotdf.com.ar\/index.php?rest_route=%2Fwp%2Fv2%2Fmedia&parent=50180"}],"wp:term":[{"taxonomy":"category","embeddable":true,"href":"https:\/\/hablemosclarotdf.com.ar\/index.php?rest_route=%2Fwp%2Fv2%2Fcategories&post=50180"},{"taxonomy":"post_tag","embeddable":true,"href":"https:\/\/hablemosclarotdf.com.ar\/index.php?rest_route=%2Fwp%2Fv2%2Ftags&post=50180"}],"curies":[{"name":"wp","href":"https:\/\/api.w.org\/{rel}","templated":true}]}}