{"id":50170,"date":"2025-09-10T10:51:17","date_gmt":"2025-09-10T13:51:17","guid":{"rendered":"https:\/\/hablemosclarotdf.com.ar\/?p=50170"},"modified":"2025-09-10T10:51:17","modified_gmt":"2025-09-10T13:51:17","slug":"el-coe-decidio-adelantar-la-finalizacion-del-operativo-invierno-para-el-15-de-septiembre","status":"publish","type":"post","link":"https:\/\/hablemosclarotdf.com.ar\/?p=50170","title":{"rendered":"EL COE DECIDI\u00d3 ADELANTAR LA FINALIZACI\u00d3N DEL OPERATIVO INVIERNO PARA EL 15 DE SEPTIEMBRE"},"content":{"rendered":"<p>El Comite de Emergencias Provincial, coordinado por la Secretaria de Protecci\u00f3n Civil, mantuvo una reuni\u00f3n donde luego monitorear, hacer evaluaciones y seguimiento en conjunto con el Servicio Meteorol\u00f3gico Nacional respecto del clima en toda la provincia decidi\u00f3 adelantar para el 15\/09 el levantamiento del Operativo Invierno que estaba dispuesto hasta el 30\/09.<\/p>\n<p>No obstante la decisi\u00f3n queda sujeta a alg\u00fan factor extraordinario que pueda ocurrir. Especialmente en las zonas altas se adoptar\u00e1n las medidas necesarias para garantizar la seguridad de los usuarios de la RN3 y caminos provinciales y rurales.<\/p>\n<p><img loading=\"lazy\" decoding=\"async\" class=\"alignnone size-medium wp-image-50172\" src=\"https:\/\/hablemosclarotdf.com.ar\/wp-content\/uploads\/2025\/09\/photo_2025-09-10_10-50-39-300x200.jpg\" alt=\"\" width=\"300\" height=\"200\" srcset=\"https:\/\/hablemosclarotdf.com.ar\/wp-content\/uploads\/2025\/09\/photo_2025-09-10_10-50-39-300x200.jpg 300w, https:\/\/hablemosclarotdf.com.ar\/wp-content\/uploads\/2025\/09\/photo_2025-09-10_10-50-39-1024x682.jpg 1024w, https:\/\/hablemosclarotdf.com.ar\/wp-content\/uploads\/2025\/09\/photo_2025-09-10_10-50-39-768x512.jpg 768w, https:\/\/hablemosclarotdf.com.ar\/wp-content\/uploads\/2025\/09\/photo_2025-09-10_10-50-39.jpg 1280w\" sizes=\"auto, (max-width: 300px) 100vw, 300px\" \/><\/p>\n","protected":false},"excerpt":{"rendered":"<p>El Comite de Emergencias Provincial, coordinado por la Secretaria de Protecci\u00f3n Civil, mantuvo una reuni\u00f3n&#8230;<\/p>\n","protected":false},"author":1,"featured_media":50171,"comment_status":"closed","ping_status":"closed","sticky":false,"template":"","format":"standard","meta":{"footnotes":""},"categories":[3],"tags":[],"class_list":["post-50170","post","type-post","status-publish","format-standard","has-post-thumbnail","hentry","category-noticias"],"jetpack_featured_media_url":"https:\/\/hablemosclarotdf.com.ar\/wp-content\/uploads\/2025\/09\/photo_2025-09-10_10-50-30.jpg","_links":{"self":[{"href":"https:\/\/hablemosclarotdf.com.ar\/index.php?rest_route=\/wp\/v2\/posts\/50170","targetHints":{"allow":["GET"]}}],"collection":[{"href":"https:\/\/hablemosclarotdf.com.ar\/index.php?rest_route=\/wp\/v2\/posts"}],"about":[{"href":"https:\/\/hablemosclarotdf.com.ar\/index.php?rest_route=\/wp\/v2\/types\/post"}],"author":[{"embeddable":true,"href":"https:\/\/hablemosclarotdf.com.ar\/index.php?rest_route=\/wp\/v2\/users\/1"}],"replies":[{"embeddable":true,"href":"https:\/\/hablemosclarotdf.com.ar\/index.php?rest_route=%2Fwp%2Fv2%2Fcomments&post=50170"}],"version-history":[{"count":1,"href":"https:\/\/hablemosclarotdf.com.ar\/index.php?rest_route=\/wp\/v2\/posts\/50170\/revisions"}],"predecessor-version":[{"id":50173,"href":"https:\/\/hablemosclarotdf.com.ar\/index.php?rest_route=\/wp\/v2\/posts\/50170\/revisions\/50173"}],"wp:featuredmedia":[{"embeddable":true,"href":"https:\/\/hablemosclarotdf.com.ar\/index.php?rest_route=\/wp\/v2\/media\/50171"}],"wp:attachment":[{"href":"https:\/\/hablemosclarotdf.com.ar\/index.php?rest_route=%2Fwp%2Fv2%2Fmedia&parent=50170"}],"wp:term":[{"taxonomy":"category","embeddable":true,"href":"https:\/\/hablemosclarotdf.com.ar\/index.php?rest_route=%2Fwp%2Fv2%2Fcategories&post=50170"},{"taxonomy":"post_tag","embeddable":true,"href":"https:\/\/hablemosclarotdf.com.ar\/index.php?rest_route=%2Fwp%2Fv2%2Ftags&post=50170"}],"curies":[{"name":"wp","href":"https:\/\/api.w.org\/{rel}","templated":true}]}}