{"id":50153,"date":"2025-09-10T10:41:43","date_gmt":"2025-09-10T13:41:43","guid":{"rendered":"https:\/\/hablemosclarotdf.com.ar\/?p=50153"},"modified":"2025-09-10T10:41:43","modified_gmt":"2025-09-10T13:41:43","slug":"tolhuin-se-fortalece-con-medidas-concretas-para-garantizar-su-desarrollo-energetico","status":"publish","type":"post","link":"https:\/\/hablemosclarotdf.com.ar\/?p=50153","title":{"rendered":"TOLHUIN SE FORTALECE CON MEDIDAS CONCRETAS PARA GARANTIZAR SU DESARROLLO ENERG\u00c9TICO"},"content":{"rendered":"<p>En el marco del anuncio de la inversi\u00f3n hist\u00f3rica para Ushuaia con la construcci\u00f3n de una nueva central el\u00e9ctrica, el Gobernador Gustavo Melella puso en el centro de la agenda tambi\u00e9n la situaci\u00f3n de la ciudad de Tolhuin, destacando la importancia de acompa\u00f1ar su crecimiento con medidas concretas que fortalezcan la producci\u00f3n de energ\u00eda.<\/p>\n<p>El Mandatario explic\u00f3 que recientemente se aceler\u00f3 la instalaci\u00f3n de un nuevo equipo generador (Cummins 3) que ya se encuentra en funcionamiento tras los inconvenientes que provocaron cortes obligados en la localidad. \u201cEl nuevo equipo que se adquiri\u00f3 para Tolhuin ya est\u00e1 instalado y funcionando, luego que adelantamos su puesta en marcha tras los cortes de energ\u00eda registrados semanas atr\u00e1s\u201d, precis\u00f3.<\/p>\n<p>\u201cSe trasladar\u00e1 a Buenos Aires el generador que se hab\u00eda roto para su reparaci\u00f3n integral. Hoy la ciudad cuenta con un equipo nuevo operativo y con el Cummins 1 en marcha. Una vez que el generador reparado regrese, podremos enviar el Cummins 1 y entonces, con todos los equipos reparados y funcionando en l\u00ednea,Tolhuin dispondr\u00e1 de una reserva fr\u00eda que dar\u00e1 previsibilidad y acompa\u00f1ar\u00e1 su crecimiento en los pr\u00f3ximos a\u00f1os\u201d, agreg\u00f3.<\/p>\n<p>Al mismo tiempo est\u00e1 en proceso de contrataci\u00f3n y llegar\u00e1 en los pr\u00f3ximos d\u00edas un equipo en alquiler mientras se lleva el Cummins 2 para el service y reparaci\u00f3n integral.<\/p>\n<p>El Gobernador Melella dijo tambi\u00e9n que \u201cmucho se est\u00e1 haciendo en respuesta a esta compleja situaci\u00f3n. Los vecinos y vecinas de Tolhuin tienen que tener la garant\u00eda que se est\u00e1 gestionando para resolver esta situaci\u00f3n que viene de arrastre de muchos a\u00f1os\u201d.<\/p>\n<p>Por su parte, la ministra de Obras y Servicios P\u00fablicos, Gabriela Castillo indic\u00f3 que \u201ctodo esto se est\u00e1 haciendo conforme al financiamiento que se ha solicitado al Fondo de la Ampliaci\u00f3n de la Matriz Productiva, que ya cuenta con aval de la Secretar\u00eda de Energ\u00eda de la Naci\u00f3n y que esperamos que en los pr\u00f3ximos d\u00edas se firme la resoluci\u00f3n de aprobaci\u00f3n\u201d.<\/p>\n<p>Finalmente, la legisladora Gisela Dos Santos que acompa\u00f1\u00f3 la presentaci\u00f3n en Casa de Gobierno celebr\u00f3 los anuncios y subray\u00f3 que se trata de \u201cun paso decisivo hacia la seguridad y estabilidad energ\u00e9tica de Tolhuin\u201d. Asimismo se\u00f1al\u00f3 que \u201cla llegada de nuevos equipos, la inversi\u00f3n en mantenimiento y la planificaci\u00f3n a futuro permitir\u00e1n acompa\u00f1ar el crecimiento urbano y garantizar una mejor calidad de vida para las familias de Tolhuin\u201d.<\/p>\n<p>De esta manera, mientras avanza la construcci\u00f3n de la nueva central en Ushuaia \u2014cuyo contrato fue firmado entre el Estado de la Rep\u00fablica Popular China, su Embajada en Argentina, la empresa provincial Terra Ignis y Rainbow International Xi\u2019an Engineering, junto al Gobierno provincial\u2014, la ciudad Tolhuin tambi\u00e9n vive el proceso de fortalecimiento con medidas inmediatas que apuntan a consolidar la seguridad energ\u00e9tica y garantizar las condiciones para su desarrollo futuro.<\/p>\n<p><img loading=\"lazy\" decoding=\"async\" class=\"alignnone size-medium wp-image-50155\" src=\"https:\/\/hablemosclarotdf.com.ar\/wp-content\/uploads\/2025\/09\/photo_2025-09-10_10-40-24-300x200.jpg\" alt=\"\" width=\"300\" height=\"200\" srcset=\"https:\/\/hablemosclarotdf.com.ar\/wp-content\/uploads\/2025\/09\/photo_2025-09-10_10-40-24-300x200.jpg 300w, https:\/\/hablemosclarotdf.com.ar\/wp-content\/uploads\/2025\/09\/photo_2025-09-10_10-40-24-1024x682.jpg 1024w, https:\/\/hablemosclarotdf.com.ar\/wp-content\/uploads\/2025\/09\/photo_2025-09-10_10-40-24-768x512.jpg 768w, https:\/\/hablemosclarotdf.com.ar\/wp-content\/uploads\/2025\/09\/photo_2025-09-10_10-40-24.jpg 1280w\" sizes=\"auto, (max-width: 300px) 100vw, 300px\" \/><\/p>\n","protected":false},"excerpt":{"rendered":"<p>En el marco del anuncio de la inversi\u00f3n hist\u00f3rica para Ushuaia con la construcci\u00f3n de&#8230;<\/p>\n","protected":false},"author":1,"featured_media":50154,"comment_status":"closed","ping_status":"closed","sticky":false,"template":"","format":"standard","meta":{"footnotes":""},"categories":[3],"tags":[],"class_list":["post-50153","post","type-post","status-publish","format-standard","has-post-thumbnail","hentry","category-noticias"],"jetpack_featured_media_url":"https:\/\/hablemosclarotdf.com.ar\/wp-content\/uploads\/2025\/09\/photo_2025-09-10_10-40-20.jpg","_links":{"self":[{"href":"https:\/\/hablemosclarotdf.com.ar\/index.php?rest_route=\/wp\/v2\/posts\/50153","targetHints":{"allow":["GET"]}}],"collection":[{"href":"https:\/\/hablemosclarotdf.com.ar\/index.php?rest_route=\/wp\/v2\/posts"}],"about":[{"href":"https:\/\/hablemosclarotdf.com.ar\/index.php?rest_route=\/wp\/v2\/types\/post"}],"author":[{"embeddable":true,"href":"https:\/\/hablemosclarotdf.com.ar\/index.php?rest_route=\/wp\/v2\/users\/1"}],"replies":[{"embeddable":true,"href":"https:\/\/hablemosclarotdf.com.ar\/index.php?rest_route=%2Fwp%2Fv2%2Fcomments&post=50153"}],"version-history":[{"count":1,"href":"https:\/\/hablemosclarotdf.com.ar\/index.php?rest_route=\/wp\/v2\/posts\/50153\/revisions"}],"predecessor-version":[{"id":50156,"href":"https:\/\/hablemosclarotdf.com.ar\/index.php?rest_route=\/wp\/v2\/posts\/50153\/revisions\/50156"}],"wp:featuredmedia":[{"embeddable":true,"href":"https:\/\/hablemosclarotdf.com.ar\/index.php?rest_route=\/wp\/v2\/media\/50154"}],"wp:attachment":[{"href":"https:\/\/hablemosclarotdf.com.ar\/index.php?rest_route=%2Fwp%2Fv2%2Fmedia&parent=50153"}],"wp:term":[{"taxonomy":"category","embeddable":true,"href":"https:\/\/hablemosclarotdf.com.ar\/index.php?rest_route=%2Fwp%2Fv2%2Fcategories&post=50153"},{"taxonomy":"post_tag","embeddable":true,"href":"https:\/\/hablemosclarotdf.com.ar\/index.php?rest_route=%2Fwp%2Fv2%2Ftags&post=50153"}],"curies":[{"name":"wp","href":"https:\/\/api.w.org\/{rel}","templated":true}]}}