{"id":50129,"date":"2025-09-10T05:36:45","date_gmt":"2025-09-10T08:36:45","guid":{"rendered":"https:\/\/hablemosclarotdf.com.ar\/?p=50129"},"modified":"2025-09-10T05:37:42","modified_gmt":"2025-09-10T08:37:42","slug":"pablo-blanco-fue-un-rechazo-a-la-politica-nacional-mas-que-un-acompanamiento-al-gobierno-provincial","status":"publish","type":"post","link":"https:\/\/hablemosclarotdf.com.ar\/?p=50129","title":{"rendered":"PABLO BLANCO  : \u201cFue un rechazo a la pol\u00edtica nacional m\u00e1s que un acompa\u00f1amiento al gobierno provincial\u201d"},"content":{"rendered":"<p>El senador Pablo Blanco analiz\u00f3 las elecciones del domingo<\/p>\n<table border=\"0\" cellspacing=\"0\" cellpadding=\"0\">\n<tbody>\n<tr>\n<td class=\"k-nota-body-sup-notas\">\n<div class=\"k-nota-body-sup-3-notas\">\n<div class=\"k-nota-copete-notas\">El senador radical Pablo Blanco analiz\u00f3 las elecciones del domingo en la provincia de Buenos Aires y consider\u00f3 que, m\u00e1s que un apoyo a la gesti\u00f3n de Kicillof, fue un fuerte rechazo a la pol\u00edtica del gobierno nacional. La gente se expres\u00f3 \u201cen contra del maltrato, de la intemperancia, de la falta de empat\u00eda\u201d, y tambi\u00e9n de la corrupci\u00f3n que empez\u00f3 a destaparse en la agencia nacional de discapacidad. Respecto de la convocatoria a los gobernadores, comparti\u00f3 el recelo a concurrir, porque el gobierno no ha cumplido con compromisos plasmados por escrito, como los convenios para finalizar obra p\u00fablica. Adem\u00e1s, record\u00f3 que el \u00e1mbito adecuado para debatir la pol\u00edtica con las provincias es el Senado. Tambi\u00e9n se refiri\u00f3 a las cr\u00edticas a su persona por parte del diputado Ricardo Garramu\u00f1o y reconoci\u00f3 su error al haberlo apoyado para que llegara a la banca. \u201cSe ve que no es de la misma madera que su padre\u201d, lament\u00f3. Para el senador el espacio Provincias Unidas seguir\u00e1 creciendo luego de octubre y ser\u00eda la alternativa en 2027 a \u201cla locura del kirchnerismo y la locura de los libertarios\u201d.<\/div>\n<\/div>\n<div class=\"k-nota-body-sup-3-sep-notas\"><\/div>\n<\/td>\n<\/tr>\n<tr>\n<td class=\"k-nota-body-med-notas\">\n<div class=\"k-nota-body-med-1-notas\">\n<div class=\"k-nota-imprimir-notas\">\n<div class=\"k-nota-imprimir-notas\">Imprimir esta nota<\/div>\n<\/div>\n<div class=\"k-nota-email-notas\">\n<div class=\"k-nota-exmail-notas\">Enviar por mail<\/div>\n<\/div>\n<\/div>\n<\/td>\n<\/tr>\n<tr>\n<td class=\"k-nota-body-inf-notas\">\n<div class=\"k-nota-body-inf-1-notas\">\n<div class=\"k-nota-texto-notas\">R\u00edo Grande.- El senador radical Pablo Blanco analiz\u00f3 en el programa \u2018Buscando el Equilibrio\u2019 por Radio Provincia las elecciones bonaerenses de este domingo y consider\u00f3 que \u201cse vio un fuerte rechazo a la pol\u00edtica del gobierno nacional, m\u00e1s que un acompa\u00f1amiento a la pol\u00edtica del gobierno provincial. Hubo un rechazo a la pol\u00edtica del maltrato, de la intemperancia, de la falta de empat\u00eda con la gente que tiene necesidades, la falta de empat\u00eda con el tema de la emergencia en discapacidad, a la situaci\u00f3n de los jubilados, a las coimas en el \u00e1rea de discapacidad, del ministerio de salud, del ministerio de defensa, del PAMI, de la obra social OSPRERA, que est\u00e1 intervenida. Ojal\u00e1 la Justicia pueda traer luz sobre esto y siempre hay actores comunes del apellido Menem, que est\u00e1n interviniendo en estas situaciones\u201d, se\u00f1al\u00f3.<br \/>\nCon respecto a la convocatoria a gobernadores, comparti\u00f3 el recelo a concurrir. \u201cYo escuchaba hace un rato las declaraciones del gobernador de Salta, que apoy\u00f3 en todo momento al gobierno para garantizar la gobernabilidad, pero dio una definici\u00f3n bien clara y dijo que aquellos que dec\u00edan que eran unos leones terminaron siendo palomas de la iglesia. Ese es el pensamiento que tienen los gobernadores y lo mismo dijo el gobernador de Corrientes sobre la convocatoria. Tambi\u00e9n escuch\u00e9 al gobernador de Tierra del Fuego hablar de todos los convenios que hab\u00edan suscripto con la naci\u00f3n para la continuidad de las obras, y que no cumplieron con nada. No cumplieron con ninguna provincia y ahora inventan una mesa de di\u00e1logo con los gobernadores, pero ni siquiera se sienta el presidente, porque no tiene cara para sentarse, sino que le encarga al Jefe de Gabinete la tarea\u201d, critic\u00f3.<br \/>\nAclar\u00f3 que el \u00e1mbito de discusi\u00f3n deber\u00eda ser el Senado. \u201cEl presidente puede discutir con los gobernadores, pero el \u00e1mbito donde se discuten las pol\u00edticas y los acuerdos entre las provincias y el gobierno nacional es el Senado, donde est\u00e1n los representantes de todas las provincias\u201d, dijo.<br \/>\n\u201cLos gobernadores est\u00e1n en todo su derecho de no confiar, porque han acompa\u00f1ado medidas para dar gobernabilidad, pero despu\u00e9s no cumplieron con nada. A m\u00ed me critican por aprobar la ley bases y las facultades delegadas, que han tenido todos los gobiernos que reci\u00e9n inician, pero no dicen que rechazamos el decreto de necesidad y urgencia 70\/23, que modificaba 400 leyes y derogaba 80 leyes a trav\u00e9s de un decreto. Eso est\u00e1 durmiendo el sue\u00f1o de los justos en la C\u00e1mara de Diputados. A ra\u00edz de ese DNU est\u00e1 haciendo un mont\u00f3n de medidas y tiene 12 materias con facultades delegadas\u201d, plante\u00f3.Cantar para sobresalir<\/p>\n<p>Tambi\u00e9n se lo consult\u00f3 sobre las cr\u00edticas de la senadora Cristina L\u00f3pez a su persona, por aprobar las facultades delegadas, y dijo que \u201cyo le aprob\u00e9 las facultades delegadas, como el marido de ella le aprob\u00f3 las facultades delegadas a su intendente. Yo no quiero hacer de esto una cuesti\u00f3n personal pero, sin ser peyorativo, la senadora L\u00f3pez no tiene ni por d\u00f3nde empezar para discutir conmigo. Lo primero que tiene que aprender es a ser educada. Con educaci\u00f3n uno le puede decir a un funcionario que est\u00e1 faltando a la verdad, sin decirle mentiroso y darle la excusa para retirarse de una sesi\u00f3n. No pasa por ponerse a cantar para sobresalir, hay que sobresalir trabajando y sabiendo para qu\u00e9 est\u00e1 sentada en una banca\u201d, sentenci\u00f3.<\/p>\n<p>Campa\u00f1a de gesti\u00f3n<\/p>\n<p>Yendo a la carrera para octubre, indic\u00f3 que \u201cla mejor manera que tengo de hacer campa\u00f1a es demostrar lo que hice en estos cinco a\u00f1os y meses en el Senado, y seguir cumpliendo con mi funci\u00f3n. Por supuesto hablo con la gente, les explico, les digo cu\u00e1ntos proyectos present\u00e9, que tengo m\u00e1s de 400. Soy autor del proyecto de coparticipaci\u00f3n federal de impuestos, el otro d\u00eda logr\u00e9 la aprobaci\u00f3n de la reglamentaci\u00f3n de los DNU para que el presidente no haga uso y abuso, pasando por sobre el Congreso. Present\u00e9 un mont\u00f3n de leyes impositivas, de compensaci\u00f3n de impuestos, porque hay muchos comerciantes que tienen saldos a favor en un impuesto y deben otros. Despu\u00e9s de muchas discusiones, en la ley bases logramos incorporar ese art\u00edculo y hoy si hay saldo a favor de un impuesto se puede aplicar para cancelar otras deudas, en lugar de sacar un cr\u00e9dito para poder pagar\u201d, explic\u00f3.<\/p>\n<p>Polarizaci\u00f3n intencionada<\/p>\n<p>Para el senador hay intencionalidad al plantear una polarizaci\u00f3n entre kirchneristas y libertarios. \u201cLa analizo la polarizaci\u00f3n igual que en 2019 cuando era el peronismo y Melella, que hab\u00eda triunfado en la primera vuelta mientras que el peronismo ganaba las intendencias. Nosotros no exist\u00edamos. Cuando se contaron los votos, era el peronismo y nosotros. Hay mucha intencionalidad al decir que ahora son o los kirchneristas o La Libertad Avanza, pero en Tierra del Fuego tenemos algunas particularidades, con una lista que es el kirchnerismo aut\u00e9ntico, del intendente de Ushuaia y el gobernador; tenemos otra lista que es el kirchnerismo light con el intendente de R\u00edo Grande, el de Tolhuin y el MPF que es Massa\u201d, expres\u00f3.<br \/>\n\u201cTanto el kirchnerismo aut\u00e9ntico como el kirchnerismo light con Massa son los responsables del desastre econ\u00f3mico que hizo que apareciera La Libertad Avanza y se tienen que hacer cargo. Nosotros estamos en el medio, empezando un camino con distintos dirigentes\u201d, se diferenci\u00f3.<br \/>\n\u201cEn Tierra del Fuego \u00edbamos a ir como UCR y surgi\u00f3 una invitaci\u00f3n de Provincias Unidas para conformar esto y que yo fuera candidato a senador. Me pareci\u00f3 muy positivo tratar de impulsar desde Tierra del Fuego esta nueva alianza pol\u00edtica, que busca trabajar en las coincidencias. En Provincias Unidas hay peronistas, radicales, socialistas, hay gente del PRO y distintas versiones de espacios pol\u00edticos que buscan trabajar en un proyecto en base a las coincidencias, m\u00e1s all\u00e1 de las diferencias ideol\u00f3gicas\u201d, expuso.<br \/>\nPara Blanco Provincias Unidas \u201cva a ser la salida del 2027, porque no va a ser ni la locura del kirchnerismo ni la locura de los libertarios. Ahora son seis gobernadores y creo que despu\u00e9s de octubre se van a sumar otros. Yo voy con un sector del peronismo que adhiere al gobernador Schiaretti y es el peronismo m\u00e1s racional en el sentido pol\u00edtico. Son peronistas, no kirchneristas\u201d, aclar\u00f3.<\/p>\n<p>Cr\u00edticas de Garramu\u00f1o<\/p>\n<p>Por otra parte se hizo cargo de su error al haber apoyado a Ricardo Garramu\u00f1o, que ahora lo llama \u201cdinosaurio\u201d y lo critica en sus redes sociales. \u201cYo me hago cargo y me equivoqu\u00e9. Me duele porque conmigo trabajaba el hermano en el Congreso de la naci\u00f3n, que despu\u00e9s renunci\u00f3 y se fue a vivir a otro lugar. Aparte yo ten\u00eda una amistad con el padre y siempre me imagin\u00e9 que era de la misma madera. Con Ricardo tengo diferencias pol\u00edticas importantes que plante\u00f3 \u00e9l, no se las plante\u00e9 yo, y lamentablemente no es de la misma madera que el padre\u201d, manifest\u00f3.<br \/>\n\u201cYo no s\u00e9 por qu\u00e9 se la agarr\u00f3 conmigo. Yo me pele\u00e9 con un mont\u00f3n de gente del partido haci\u00e9ndole la interna a muchos candidatos de mi propio partido en el espacio Juntos por el Cambio para que Ricardo fuera el candidato a diputado. Inclusive cuando se produjo la vacante yo tuve algunas discusiones con radicales porque dec\u00eda que le correspond\u00eda la banca a Garramu\u00f1o y deb\u00eda reemplazar a \u2018Tito\u2019 Stefani. Despu\u00e9s sali\u00f3 como sali\u00f3, criticando, y es problema de \u00e9l, no es problema m\u00edo. Por supuesto que me duele equivocarme de esta manera a esta altura de la vida, pero son las cosas que pasan\u201d, se resign\u00f3.<\/p>\n<p>Puerto parado por norteamericanos<\/p>\n<p>En otro orden de cosas, se refiri\u00f3 a las obras fundamentales para la provincia y en particular al puerto de R\u00edo Grande proyectado por Mirgor, que est\u00e1 parado por presiones de Estados Unidos. \u201cEl puerto de R\u00edo Grande est\u00e1 parado en V\u00edas Navegables porque hay una discusi\u00f3n sobre qui\u00e9n va a financiar parte de esa obra, que aparentemente son capitales chinos. Los norteamericanos que tienen mucho inter\u00e9s en Tierra del Fuego pero no quieren invertir, se oponen a que financien capitales chinos. Por eso est\u00e1 parado el proyecto\u201d, asegur\u00f3.<br \/>\n\u201cEse puerto, que a su vez trae aparejada la petroqu\u00edmica, es fundamental para la reconversi\u00f3n econ\u00f3mica de Tierra del Fuego. Hay presentados dentro del FAMP parte de los recursos para el puerto, pero est\u00e1n durmiendo y no se utilizan para la reconversi\u00f3n econ\u00f3mica. Se podr\u00eda financiar la obra del puerto para que se instale la petroqu\u00edmica, con todo lo que eso significa\u201d, plante\u00f3.<br \/>\n\u201cSiempre hablamos de la reconversi\u00f3n, pero nunca se lleva a cabo. El polo log\u00edstico ant\u00e1rtico es un proyecto que tengo presentado y no he logrado todav\u00eda que se ponga en discusi\u00f3n. Esos son los temas que hay que discutir y ese polo no se va a hacer con la partida para pagar sueldos todos los meses. Hace falta una inversi\u00f3n importante y el que debe colaborar con esa inversi\u00f3n es el gobierno nacional, que invierte en un mont\u00f3n de provincias de la zona centro, pero no le presta atenci\u00f3n a la importancia geopol\u00edtica que tiene Tierra del Fuego\u201d, sostuvo.<br \/>\n\u201cHay recursos para la base naval integrada en el FONDEP, pero no los est\u00e1n utilizando y lo \u00fanico que se hizo es una platea. Los representantes de la provincia deber\u00edamos acompa\u00f1ar al gobernador a discutir estos temas. En los dos a\u00f1os que lleva este presidente ni siquiera se hablan con el gobernador. No hay contacto y se hace muy dif\u00edcil. Vivimos pagando sueldos, nada m\u00e1s\u201d, asever\u00f3.<br \/>\nPara el senador deber\u00eda haber un di\u00e1logo institucional por el bien de la provincia. \u201cNo me cabe duda de que la manera de pensar del gobernador es completamente distinta de la de Milei, pero \u00e9l tiene la obligaci\u00f3n de gestionar para la provincia, dejando de lado la ideolog\u00eda. No es f\u00e1cil buscar puntos de coincidencia con el gobierno nacional pero un gobernante debe priorizar el beneficio de la provincia y tiene la obligaci\u00f3n de buscar ese tipo de reuniones. Si no se puede reunir con el presidente, tiene que buscar los mecanismos\u201d, sugiri\u00f3.<\/p>\n<p>Visibilizaci\u00f3n en los medios<\/p>\n<p>Por \u00faltimo se lo consult\u00f3 sobre su frecuente aparici\u00f3n en los medios nacionales, que permite visibilizar a Tierra del Fuego. \u201cLos medios me llaman a m\u00ed, yo no llamo a los medios. Los d\u00edas que hay sesi\u00f3n est\u00e1n todos los medios y hacen preguntas. Si uno les contesta, los medios de prensa te buscan. La primera vez que fui a un programa de televisi\u00f3n nacional fue al programa de \u2018Chiche\u2019 Gelblung. Me llamaron de la producci\u00f3n y tanto me insistieron que fui. Me tuvo una hora y media, me pase\u00f3 por todos lados y despu\u00e9s de que termin\u00f3 el programa ten\u00eda infinidad de mensajes de gente de ac\u00e1 que hab\u00eda visto el programa. Despu\u00e9s fui a TN, a todos los medios, me llama Bonelli, distintos canales y yo no pongo un centavo para salir en los medios. Si me buscan, por algo ser\u00e1. Yo atiendo a todos, hablo con radios de La Rioja, de Mendoza, de Tucum\u00e1n, de Jujuy. Ser\u00e1 que deben interesar algunas cosas que uno dice\u201d, concluy\u00f3.<\/p>\n<p>FUENTE PROVINCIA 23<\/p>\n<\/div>\n<\/div>\n<\/td>\n<\/tr>\n<\/tbody>\n<\/table>\n","protected":false},"excerpt":{"rendered":"<p>El senador Pablo Blanco analiz\u00f3 las elecciones del domingo El senador radical Pablo Blanco analiz\u00f3&#8230;<\/p>\n","protected":false},"author":1,"featured_media":50130,"comment_status":"closed","ping_status":"closed","sticky":false,"template":"","format":"standard","meta":{"footnotes":""},"categories":[3],"tags":[],"class_list":["post-50129","post","type-post","status-publish","format-standard","has-post-thumbnail","hentry","category-noticias"],"jetpack_featured_media_url":"https:\/\/hablemosclarotdf.com.ar\/wp-content\/uploads\/2025\/09\/d400_W1261nzmhla2gcl3xrwi5w3.jpg","_links":{"self":[{"href":"https:\/\/hablemosclarotdf.com.ar\/index.php?rest_route=\/wp\/v2\/posts\/50129","targetHints":{"allow":["GET"]}}],"collection":[{"href":"https:\/\/hablemosclarotdf.com.ar\/index.php?rest_route=\/wp\/v2\/posts"}],"about":[{"href":"https:\/\/hablemosclarotdf.com.ar\/index.php?rest_route=\/wp\/v2\/types\/post"}],"author":[{"embeddable":true,"href":"https:\/\/hablemosclarotdf.com.ar\/index.php?rest_route=\/wp\/v2\/users\/1"}],"replies":[{"embeddable":true,"href":"https:\/\/hablemosclarotdf.com.ar\/index.php?rest_route=%2Fwp%2Fv2%2Fcomments&post=50129"}],"version-history":[{"count":2,"href":"https:\/\/hablemosclarotdf.com.ar\/index.php?rest_route=\/wp\/v2\/posts\/50129\/revisions"}],"predecessor-version":[{"id":50132,"href":"https:\/\/hablemosclarotdf.com.ar\/index.php?rest_route=\/wp\/v2\/posts\/50129\/revisions\/50132"}],"wp:featuredmedia":[{"embeddable":true,"href":"https:\/\/hablemosclarotdf.com.ar\/index.php?rest_route=\/wp\/v2\/media\/50130"}],"wp:attachment":[{"href":"https:\/\/hablemosclarotdf.com.ar\/index.php?rest_route=%2Fwp%2Fv2%2Fmedia&parent=50129"}],"wp:term":[{"taxonomy":"category","embeddable":true,"href":"https:\/\/hablemosclarotdf.com.ar\/index.php?rest_route=%2Fwp%2Fv2%2Fcategories&post=50129"},{"taxonomy":"post_tag","embeddable":true,"href":"https:\/\/hablemosclarotdf.com.ar\/index.php?rest_route=%2Fwp%2Fv2%2Ftags&post=50129"}],"curies":[{"name":"wp","href":"https:\/\/api.w.org\/{rel}","templated":true}]}}