{"id":50092,"date":"2025-09-09T15:55:35","date_gmt":"2025-09-09T18:55:35","guid":{"rendered":"https:\/\/hablemosclarotdf.com.ar\/?p=50092"},"modified":"2025-09-09T15:55:35","modified_gmt":"2025-09-09T18:55:35","slug":"ushuaia-la-municipalidad-de-ushuaia-llevara-adelante-el-ciclo-de-cine-hecho-en-tierra-del-fuego-este-24-y-25-de-septiembre-en-la-casa-de-la-cultura","status":"publish","type":"post","link":"https:\/\/hablemosclarotdf.com.ar\/?p=50092","title":{"rendered":"USHUAIA : LA MUNICIPALIDAD DE USHUAIA LLEVAR\u00c1 ADELANTE EL CICLO DE CINE \u201cHECHO EN TIERRA DEL FUEGO\u201d ESTE 24 Y 25 DE SEPTIEMBRE EN LA CASA DE LA CULTURA"},"content":{"rendered":"<p>Se exhibir\u00e1n producciones audiovisuales realizadas en Tierra del Fuego y por fueguinos y fueguinas<\/p>\n<p>La Secretaria de Cultura y Educaci\u00f3n de la Municipalidad de Ushuaia, en conjunto con la Asociaci\u00f3n Civil del Audiovisual Fueguino, llevar\u00e1 adelante en la Sala Nin\u00ed Marshall de la Casa de la Cultura Enriqueta Gastelumendi el Ciclo de Cine \u201cHecho en Tierra del Fuego\u201d este 24 y 25 de septiembre.<br \/>\nLa propuesta, que ser\u00e1 con entrada libre y gratuita, se dar\u00e1 en el marco del 30\u00b0 Aniversario de la Casa de la Cultura Enriqueta Gastelumendi y presentar\u00e1 dos funciones diarias los d\u00edas mi\u00e9rcoles 24 y jueves 25 de septiembre a las 19:00 horas y 21:00 horas contando con largometrajes y cortometrajes de ficci\u00f3n y documentales, as\u00ed como contenido interactivo, producciones de nuevos medios y la presencia de realizadores para comentar sus obras.<br \/>\nBel\u00e9n Molina, secretaria de Cultura y Educaci\u00f3n, resalt\u00f3 que \u201cestamos muy contentos de acompa\u00f1ar esta propuesta, que exhibir\u00e1 a la comunidad una selecci\u00f3n de las producciones audiovisuales realizadas en nuestra provincia, mostrando tambi\u00e9n gran talento de las y los realizadores fueguinos y los equipos t\u00e9cnicos. En este momento tan complejo que atraviesa nuestro cine nacional, es importante visibilizar y reconocer el gran talento con el que cuenta Tierra del Fuego y Ushuaia, as\u00ed como la importancia de las pol\u00edticas p\u00fablicas que fomentaron su desarrollo\u201d.<br \/>\nPor su parte Juan Pablo Lattanzi, presidente de ACAF, declar\u00f3 que \u201cinvitamos a la comunidad a participar de esta propuesta, donde no solo podr\u00e1n acceder a producciones audiovisuales realizadas en Tierra del Fuego, sino escuchar a las y los realizadores fueguinos que participaron en su creaci\u00f3n, poniendo en valor todo este material realizado en los \u00faltimos a\u00f1os\u201d.<br \/>\nPara conocer m\u00e1s sobre el Ciclo de Cine \u201cHecho en Tierra del Fuego\u201d, las y los interesados podr\u00e1n visitar las redes sociales de la Secretar\u00eda de Cultura y Educaci\u00f3n en @culturayeducacionush y las de la Asociaci\u00f3n Civil del Audiovisual Fueguino en @acaf_audiovisual.<\/p>\n","protected":false},"excerpt":{"rendered":"<p>Se exhibir\u00e1n producciones audiovisuales realizadas en Tierra del Fuego y por fueguinos y fueguinas La&#8230;<\/p>\n","protected":false},"author":1,"featured_media":50093,"comment_status":"closed","ping_status":"closed","sticky":false,"template":"","format":"standard","meta":{"footnotes":""},"categories":[3],"tags":[],"class_list":["post-50092","post","type-post","status-publish","format-standard","has-post-thumbnail","hentry","category-noticias"],"jetpack_featured_media_url":"https:\/\/hablemosclarotdf.com.ar\/wp-content\/uploads\/2025\/09\/photo_2025-09-09_15-54-49.jpg","_links":{"self":[{"href":"https:\/\/hablemosclarotdf.com.ar\/index.php?rest_route=\/wp\/v2\/posts\/50092","targetHints":{"allow":["GET"]}}],"collection":[{"href":"https:\/\/hablemosclarotdf.com.ar\/index.php?rest_route=\/wp\/v2\/posts"}],"about":[{"href":"https:\/\/hablemosclarotdf.com.ar\/index.php?rest_route=\/wp\/v2\/types\/post"}],"author":[{"embeddable":true,"href":"https:\/\/hablemosclarotdf.com.ar\/index.php?rest_route=\/wp\/v2\/users\/1"}],"replies":[{"embeddable":true,"href":"https:\/\/hablemosclarotdf.com.ar\/index.php?rest_route=%2Fwp%2Fv2%2Fcomments&post=50092"}],"version-history":[{"count":1,"href":"https:\/\/hablemosclarotdf.com.ar\/index.php?rest_route=\/wp\/v2\/posts\/50092\/revisions"}],"predecessor-version":[{"id":50094,"href":"https:\/\/hablemosclarotdf.com.ar\/index.php?rest_route=\/wp\/v2\/posts\/50092\/revisions\/50094"}],"wp:featuredmedia":[{"embeddable":true,"href":"https:\/\/hablemosclarotdf.com.ar\/index.php?rest_route=\/wp\/v2\/media\/50093"}],"wp:attachment":[{"href":"https:\/\/hablemosclarotdf.com.ar\/index.php?rest_route=%2Fwp%2Fv2%2Fmedia&parent=50092"}],"wp:term":[{"taxonomy":"category","embeddable":true,"href":"https:\/\/hablemosclarotdf.com.ar\/index.php?rest_route=%2Fwp%2Fv2%2Fcategories&post=50092"},{"taxonomy":"post_tag","embeddable":true,"href":"https:\/\/hablemosclarotdf.com.ar\/index.php?rest_route=%2Fwp%2Fv2%2Ftags&post=50092"}],"curies":[{"name":"wp","href":"https:\/\/api.w.org\/{rel}","templated":true}]}}