{"id":50088,"date":"2025-09-09T15:22:31","date_gmt":"2025-09-09T18:22:31","guid":{"rendered":"https:\/\/hablemosclarotdf.com.ar\/?p=50088"},"modified":"2025-09-09T18:29:39","modified_gmt":"2025-09-09T21:29:39","slug":"rio-grande-celebra-el-mes-del-turismo","status":"publish","type":"post","link":"https:\/\/hablemosclarotdf.com.ar\/?p=50088","title":{"rendered":"R\u00cdO GRANDE CELEBRA EL MES DEL TURISMO"},"content":{"rendered":"<p>La Subsecretar\u00eda de Turismo llevar\u00e1 adelante diferentes actividades destinadas a las vecinas y vecinos de R\u00edo Grande. La primera jornada ser\u00e1 este viernes 12 de septiembre, con una visita nocturna en el aeropuerto de nuestra ciudad.<\/p>\n<p>\u201cUna noche en el Aeropuerto\u201d es una jornada recreativa que se realizar\u00e1 este viernes 12 de septiembre, a las 20 horas. Por ello, el Municipio de R\u00edo Grande invita a la comunidad a compartir esta velada en el aeropuerto Ram\u00f3n Trejo Noel. All\u00ed conocer\u00e1n las m\u00e1quinas con las que se hace el mantenimiento de pistas. Las mismas estar\u00e1n exhibidas en el estacionamiento.<\/p>\n<p>Adem\u00e1s, estar\u00e1n presentes productores locales como La Alfajorer\u00eda TDF, Alfajores del Fin del Mundo y el Taller de Dise\u00f1o; mientras que Maru Confiter\u00eda ofrecer\u00e1 su gastronom\u00eda local. El evento tendr\u00e1 un cierre musical de la mano de la Orquesta Kayen. Es importante recordar que para participar no requiere inscripci\u00f3n previa.<\/p>\n<p>Por otro lado, junto con la Direcci\u00f3n de Desarrollo Local, se realizar\u00e1n salidas recreativas en las que se visitar\u00e1 a diferentes productores de nuestra ciudad. El s\u00e1bado 13 de septiembre la recorrida ser\u00e1 a Honte Barras de Cereal; Chinoa Chocolater\u00eda y Cervecer\u00eda Scotia. El s\u00e1bado 20 ser\u00e1 el turno de Mam\u00e1 Flora; Alfajores Fin del Mundo y Kotaix Caf\u00e9 de Especialidad. Mientras que el domingo 28 se visitar\u00e1 a Klaute Cervecer\u00eda; la Plantinera municipal y la Chacra Virgen de Guadalupe.<\/p>\n<p>Las tres salidas ser\u00e1n de 16 a 18 horas. Quienes quieran participar deben ser mayores de 12 a\u00f1os, las inscripciones son a trav\u00e9s de la p\u00e1gina de turismo.riogrande.gob.ar, con cupos limitados.<\/p>\n<p>El Estado Municipal reafirma su compromiso con la actividad tur\u00edstica en un mes tan importante donde, cada 27 de septiembre, se celebra el D\u00eda Internacional del Turismo y este a\u00f1o bajo el lema \u201cTurismo y transformaci\u00f3n sostenible\u201d.<\/p>\n<p>&nbsp;<\/p>\n<p><img loading=\"lazy\" decoding=\"async\" class=\"alignnone size-medium wp-image-50100\" src=\"https:\/\/hablemosclarotdf.com.ar\/wp-content\/uploads\/2025\/09\/photo_2025-09-09_18-28-38-240x300.jpg\" alt=\"\" width=\"240\" height=\"300\" srcset=\"https:\/\/hablemosclarotdf.com.ar\/wp-content\/uploads\/2025\/09\/photo_2025-09-09_18-28-38-240x300.jpg 240w, https:\/\/hablemosclarotdf.com.ar\/wp-content\/uploads\/2025\/09\/photo_2025-09-09_18-28-38-819x1024.jpg 819w, https:\/\/hablemosclarotdf.com.ar\/wp-content\/uploads\/2025\/09\/photo_2025-09-09_18-28-38-768x960.jpg 768w, https:\/\/hablemosclarotdf.com.ar\/wp-content\/uploads\/2025\/09\/photo_2025-09-09_18-28-38.jpg 1024w\" sizes=\"auto, (max-width: 240px) 100vw, 240px\" \/><\/p>\n","protected":false},"excerpt":{"rendered":"<p>La Subsecretar\u00eda de Turismo llevar\u00e1 adelante diferentes actividades destinadas a las vecinas y vecinos de&#8230;<\/p>\n","protected":false},"author":1,"featured_media":50089,"comment_status":"closed","ping_status":"closed","sticky":false,"template":"","format":"standard","meta":{"footnotes":""},"categories":[3],"tags":[],"class_list":["post-50088","post","type-post","status-publish","format-standard","has-post-thumbnail","hentry","category-noticias"],"jetpack_featured_media_url":"https:\/\/hablemosclarotdf.com.ar\/wp-content\/uploads\/2025\/09\/photo_2025-09-09_15-21-31.jpg","_links":{"self":[{"href":"https:\/\/hablemosclarotdf.com.ar\/index.php?rest_route=\/wp\/v2\/posts\/50088","targetHints":{"allow":["GET"]}}],"collection":[{"href":"https:\/\/hablemosclarotdf.com.ar\/index.php?rest_route=\/wp\/v2\/posts"}],"about":[{"href":"https:\/\/hablemosclarotdf.com.ar\/index.php?rest_route=\/wp\/v2\/types\/post"}],"author":[{"embeddable":true,"href":"https:\/\/hablemosclarotdf.com.ar\/index.php?rest_route=\/wp\/v2\/users\/1"}],"replies":[{"embeddable":true,"href":"https:\/\/hablemosclarotdf.com.ar\/index.php?rest_route=%2Fwp%2Fv2%2Fcomments&post=50088"}],"version-history":[{"count":2,"href":"https:\/\/hablemosclarotdf.com.ar\/index.php?rest_route=\/wp\/v2\/posts\/50088\/revisions"}],"predecessor-version":[{"id":50101,"href":"https:\/\/hablemosclarotdf.com.ar\/index.php?rest_route=\/wp\/v2\/posts\/50088\/revisions\/50101"}],"wp:featuredmedia":[{"embeddable":true,"href":"https:\/\/hablemosclarotdf.com.ar\/index.php?rest_route=\/wp\/v2\/media\/50089"}],"wp:attachment":[{"href":"https:\/\/hablemosclarotdf.com.ar\/index.php?rest_route=%2Fwp%2Fv2%2Fmedia&parent=50088"}],"wp:term":[{"taxonomy":"category","embeddable":true,"href":"https:\/\/hablemosclarotdf.com.ar\/index.php?rest_route=%2Fwp%2Fv2%2Fcategories&post=50088"},{"taxonomy":"post_tag","embeddable":true,"href":"https:\/\/hablemosclarotdf.com.ar\/index.php?rest_route=%2Fwp%2Fv2%2Ftags&post=50088"}],"curies":[{"name":"wp","href":"https:\/\/api.w.org\/{rel}","templated":true}]}}