{"id":50072,"date":"2025-09-09T13:02:07","date_gmt":"2025-09-09T16:02:07","guid":{"rendered":"https:\/\/hablemosclarotdf.com.ar\/?p=50072"},"modified":"2025-09-09T13:02:07","modified_gmt":"2025-09-09T16:02:07","slug":"rio-grande-el-municipio-estuvo-presente-en-el-70o-aniversario-de-la-farmacia-del-pueblo","status":"publish","type":"post","link":"https:\/\/hablemosclarotdf.com.ar\/?p=50072","title":{"rendered":"RIO GRANDE : EL MUNICIPIO ESTUVO PRESENTE EN EL 70\u00ba ANIVERSARIO DE LA FARMACIA DEL PUEBLO"},"content":{"rendered":"<p>La Farmacia celebr\u00f3 sus siete d\u00e9cadas de trayectoria ininterrumpida, siendo un verdadero \u00edcono de la ciudad. En este marco, el Municipio comparti\u00f3 junto a la comunidad, para agasajar a este espacio que forma parte de la historia riograndense.<\/p>\n<p>El pasado s\u00e1bado 6 de septiembre, el secretario de Gesti\u00f3n Ciudadana, Gonzalo Ferro, la directora de Comercio e Industria, Valeria S\u00e1nchez y el director general de Participaci\u00f3n Vecinal, Rodrigo Cazenave, acompa\u00f1aron a la Farmacia del Pueblo en la celebraci\u00f3n de su 70\u00ba aniversario, formando parte de la historia y la identidad de R\u00edo Grande.<\/p>\n<p>El Secretario hizo entrega, en nombre del Municipio, de distintos presentes, para agasajar a este hist\u00f3rico espacio relacionado con la salud y al cuidado personal.<\/p>\n<p>A lo largo de estos a\u00f1os, la Farmacia ha acompa\u00f1ado a generaciones de familias riograndenses, conservando el car\u00e1cter de emprendimiento familiar que mantiene la atenci\u00f3n cercana y personalizada como su sello distintivo.<\/p>\n","protected":false},"excerpt":{"rendered":"<p>La Farmacia celebr\u00f3 sus siete d\u00e9cadas de trayectoria ininterrumpida, siendo un verdadero \u00edcono de la&#8230;<\/p>\n","protected":false},"author":1,"featured_media":50073,"comment_status":"closed","ping_status":"closed","sticky":false,"template":"","format":"standard","meta":{"footnotes":""},"categories":[3],"tags":[],"class_list":["post-50072","post","type-post","status-publish","format-standard","has-post-thumbnail","hentry","category-noticias"],"jetpack_featured_media_url":"https:\/\/hablemosclarotdf.com.ar\/wp-content\/uploads\/2025\/09\/photo_2025-09-09_13-01-15.jpg","_links":{"self":[{"href":"https:\/\/hablemosclarotdf.com.ar\/index.php?rest_route=\/wp\/v2\/posts\/50072","targetHints":{"allow":["GET"]}}],"collection":[{"href":"https:\/\/hablemosclarotdf.com.ar\/index.php?rest_route=\/wp\/v2\/posts"}],"about":[{"href":"https:\/\/hablemosclarotdf.com.ar\/index.php?rest_route=\/wp\/v2\/types\/post"}],"author":[{"embeddable":true,"href":"https:\/\/hablemosclarotdf.com.ar\/index.php?rest_route=\/wp\/v2\/users\/1"}],"replies":[{"embeddable":true,"href":"https:\/\/hablemosclarotdf.com.ar\/index.php?rest_route=%2Fwp%2Fv2%2Fcomments&post=50072"}],"version-history":[{"count":1,"href":"https:\/\/hablemosclarotdf.com.ar\/index.php?rest_route=\/wp\/v2\/posts\/50072\/revisions"}],"predecessor-version":[{"id":50074,"href":"https:\/\/hablemosclarotdf.com.ar\/index.php?rest_route=\/wp\/v2\/posts\/50072\/revisions\/50074"}],"wp:featuredmedia":[{"embeddable":true,"href":"https:\/\/hablemosclarotdf.com.ar\/index.php?rest_route=\/wp\/v2\/media\/50073"}],"wp:attachment":[{"href":"https:\/\/hablemosclarotdf.com.ar\/index.php?rest_route=%2Fwp%2Fv2%2Fmedia&parent=50072"}],"wp:term":[{"taxonomy":"category","embeddable":true,"href":"https:\/\/hablemosclarotdf.com.ar\/index.php?rest_route=%2Fwp%2Fv2%2Fcategories&post=50072"},{"taxonomy":"post_tag","embeddable":true,"href":"https:\/\/hablemosclarotdf.com.ar\/index.php?rest_route=%2Fwp%2Fv2%2Ftags&post=50072"}],"curies":[{"name":"wp","href":"https:\/\/api.w.org\/{rel}","templated":true}]}}