{"id":50067,"date":"2025-09-09T11:01:20","date_gmt":"2025-09-09T14:01:20","guid":{"rendered":"https:\/\/hablemosclarotdf.com.ar\/?p=50067"},"modified":"2025-09-09T11:01:20","modified_gmt":"2025-09-09T14:01:20","slug":"rio-grande-con-apoyo-del-sector-privado-rio-grande-pone-a-la-salud-mental-en-la-agenda-provincial","status":"publish","type":"post","link":"https:\/\/hablemosclarotdf.com.ar\/?p=50067","title":{"rendered":"RIO GRANDE : CON APOYO DEL SECTOR PRIVADO, R\u00cdO GRANDE PONE A LA SALUD MENTAL EN LA AGENDA PROVINCIAL"},"content":{"rendered":"<p>R\u00edo Grande y Ushuaia se preparan para ser sedes del III Congreso Internacional de Prevenci\u00f3n de Suicidio que este a\u00f1o contar\u00e1 con la participaci\u00f3n de destacados especialistas. La iniciativa, organizada en conjunto con la Asociaci\u00f3n de Psiquiatras de Am\u00e9rica Latina (APAL), la Asociaci\u00f3n de Psiquiatras de Argentina (APSA) y con el apoyo de la CAF, la Defensor\u00eda de la Naci\u00f3n, BGH, TotalEnergies, CEMEP, Diagn\u00f3stico Di Rienzo y la Cl\u00ednica San Jorge, refleja el compromiso de la gesti\u00f3n del intendente Mart\u00edn Perez con pol\u00edticas p\u00fablicas que priorizan la salud mental desde una perspectiva integral y comunitaria.<\/p>\n<p>El Congreso se desarrollar\u00e1 los d\u00edas 17 y 18 de septiembre en R\u00edo Grande, en el gimnasio del Colegio Don Bosco \u201cPadre Miguel Bonuccelli\u201d, y el 19 en Ushuaia, en el Sal\u00f3n Milenium del Hotel Las Hayas. Adem\u00e1s, de manera simult\u00e1nea, el 18 de septiembre en la Casa de la Cultura de R\u00edo Grande se llevar\u00e1 a cabo una jornada espec\u00edfica para fuerzas de seguridad y profesionales de la salud y salud mental.<\/p>\n<p>La propuesta est\u00e1 destinada a profesionales del \u00e1rea de la salud y salud mental, comunidad educativa, fuerzas de seguridad, asociaciones civiles, medios de comunicaci\u00f3n, clubes deportivos y comunidad en general, con el objetivo de involucrar a distintos sectores en la construcci\u00f3n de redes comunitarias para el cuidado integral de la salud mental y la prevenci\u00f3n del suicidio. Quienes deseen participar pueden inscribirse a trav\u00e9s del siguiente enlace: https:\/\/bit.ly\/47iEtMn.<\/p>\n<p>Entre los especialistas que compartir\u00e1n herramientas y conocimientos se encuentran el Dr. Santiago Levin, presidente de APAL; la Dra. Cora Luguercho, secretaria general de APAL; la Dra. Sandra Fuzul Romano, secretaria regional CONOSUR APAL y miembro de la Sociedad de Psiquiatr\u00eda de Uruguay; el Dr. Esteban Toro Mart\u00ednez, presidente de APSA; y el Dr. Paulo Amarante, formado en la Universidad Federal de R\u00edo de Janeiro, Brasil.<\/p>\n<p>Tambi\u00e9n participar\u00e1n el Dr. Hern\u00e1n Alessandria, presidente del Cap\u00edtulo de Suicidolog\u00eda APSA; el Dr. Demian Rodante, vicepresidente del mismo cap\u00edtulo; la Dra. Cecilia Garc\u00eda, secretaria acad\u00e9mica del Instituto Superior de Formaci\u00f3n de Posgrado (ISFP-APSA); el Dr. Pablo Vommaro, director ejecutivo de CLACSO e investigador del CONICET; y el Dr. H\u00e9ctor Basile, presidente honor\u00edfico de la Red Mundial de Suicid\u00f3logos. Entre los especialistas nacionales se suman la Lic. Claudia Pel\u00e1ez, creadora del Programa de Prevenci\u00f3n del Suicidio del Ministerio de Seguridad de la provincia de Buenos Aires; el Dr. Juan Jos\u00e9 Fern\u00e1ndez, psiquiatra general e infantojuvenil; la Lic. Andrea Ciliberto, psic\u00f3loga y docente hospitalaria de la Universidad Cat\u00f3lica Argentina; y la Lic. Silvia Montoya, licenciada en psicopedagog\u00eda y ciencias de la educaci\u00f3n.<\/p>\n<p>Por parte del Municipio de R\u00edo Grande, disertar\u00e1n el subsecretario de Salud, Dr. Agust\u00edn Perez, y la directora de Abordaje Integral en Consumo Problem\u00e1tico \u201cHna. Carla Riva\u201d, Lic. Marcela Surano.<\/p>\n<p>La realizaci\u00f3n del Congreso por tercer a\u00f1o consecutivo reafirma el compromiso del Municipio de R\u00edo Grande y de la gesti\u00f3n del intendente Mart\u00edn Perez con la construcci\u00f3n de espacios de reflexi\u00f3n y formaci\u00f3n en toda la provincia, fortaleciendo el abordaje integral de las problem\u00e1ticas psicosociales.<\/p>\n<p><img loading=\"lazy\" decoding=\"async\" class=\"alignnone size-medium wp-image-50069\" src=\"https:\/\/hablemosclarotdf.com.ar\/wp-content\/uploads\/2025\/09\/photo_2025-09-09_11-00-10-300x184.jpg\" alt=\"\" width=\"300\" height=\"184\" srcset=\"https:\/\/hablemosclarotdf.com.ar\/wp-content\/uploads\/2025\/09\/photo_2025-09-09_11-00-10-300x184.jpg 300w, https:\/\/hablemosclarotdf.com.ar\/wp-content\/uploads\/2025\/09\/photo_2025-09-09_11-00-10-1024x626.jpg 1024w, https:\/\/hablemosclarotdf.com.ar\/wp-content\/uploads\/2025\/09\/photo_2025-09-09_11-00-10-768x470.jpg 768w, https:\/\/hablemosclarotdf.com.ar\/wp-content\/uploads\/2025\/09\/photo_2025-09-09_11-00-10.jpg 1280w\" sizes=\"auto, (max-width: 300px) 100vw, 300px\" \/> <img loading=\"lazy\" decoding=\"async\" class=\"alignnone size-medium wp-image-50070\" src=\"https:\/\/hablemosclarotdf.com.ar\/wp-content\/uploads\/2025\/09\/photo_2025-09-09_11-00-15-300x200.jpg\" alt=\"\" width=\"300\" height=\"200\" srcset=\"https:\/\/hablemosclarotdf.com.ar\/wp-content\/uploads\/2025\/09\/photo_2025-09-09_11-00-15-300x200.jpg 300w, https:\/\/hablemosclarotdf.com.ar\/wp-content\/uploads\/2025\/09\/photo_2025-09-09_11-00-15-1024x682.jpg 1024w, https:\/\/hablemosclarotdf.com.ar\/wp-content\/uploads\/2025\/09\/photo_2025-09-09_11-00-15-768x512.jpg 768w, https:\/\/hablemosclarotdf.com.ar\/wp-content\/uploads\/2025\/09\/photo_2025-09-09_11-00-15.jpg 1280w\" sizes=\"auto, (max-width: 300px) 100vw, 300px\" \/><\/p>\n","protected":false},"excerpt":{"rendered":"<p>R\u00edo Grande y Ushuaia se preparan para ser sedes del III Congreso Internacional de Prevenci\u00f3n&#8230;<\/p>\n","protected":false},"author":1,"featured_media":50068,"comment_status":"closed","ping_status":"closed","sticky":false,"template":"","format":"standard","meta":{"footnotes":""},"categories":[3],"tags":[],"class_list":["post-50067","post","type-post","status-publish","format-standard","has-post-thumbnail","hentry","category-noticias"],"jetpack_featured_media_url":"https:\/\/hablemosclarotdf.com.ar\/wp-content\/uploads\/2025\/09\/photo_2025-09-09_11-00-06.jpg","_links":{"self":[{"href":"https:\/\/hablemosclarotdf.com.ar\/index.php?rest_route=\/wp\/v2\/posts\/50067","targetHints":{"allow":["GET"]}}],"collection":[{"href":"https:\/\/hablemosclarotdf.com.ar\/index.php?rest_route=\/wp\/v2\/posts"}],"about":[{"href":"https:\/\/hablemosclarotdf.com.ar\/index.php?rest_route=\/wp\/v2\/types\/post"}],"author":[{"embeddable":true,"href":"https:\/\/hablemosclarotdf.com.ar\/index.php?rest_route=\/wp\/v2\/users\/1"}],"replies":[{"embeddable":true,"href":"https:\/\/hablemosclarotdf.com.ar\/index.php?rest_route=%2Fwp%2Fv2%2Fcomments&post=50067"}],"version-history":[{"count":1,"href":"https:\/\/hablemosclarotdf.com.ar\/index.php?rest_route=\/wp\/v2\/posts\/50067\/revisions"}],"predecessor-version":[{"id":50071,"href":"https:\/\/hablemosclarotdf.com.ar\/index.php?rest_route=\/wp\/v2\/posts\/50067\/revisions\/50071"}],"wp:featuredmedia":[{"embeddable":true,"href":"https:\/\/hablemosclarotdf.com.ar\/index.php?rest_route=\/wp\/v2\/media\/50068"}],"wp:attachment":[{"href":"https:\/\/hablemosclarotdf.com.ar\/index.php?rest_route=%2Fwp%2Fv2%2Fmedia&parent=50067"}],"wp:term":[{"taxonomy":"category","embeddable":true,"href":"https:\/\/hablemosclarotdf.com.ar\/index.php?rest_route=%2Fwp%2Fv2%2Fcategories&post=50067"},{"taxonomy":"post_tag","embeddable":true,"href":"https:\/\/hablemosclarotdf.com.ar\/index.php?rest_route=%2Fwp%2Fv2%2Ftags&post=50067"}],"curies":[{"name":"wp","href":"https:\/\/api.w.org\/{rel}","templated":true}]}}