{"id":50064,"date":"2025-09-09T10:58:05","date_gmt":"2025-09-09T13:58:05","guid":{"rendered":"https:\/\/hablemosclarotdf.com.ar\/?p=50064"},"modified":"2025-09-09T10:58:05","modified_gmt":"2025-09-09T13:58:05","slug":"ushuaia-el-municipio-abre-inscripciones-para-el-taller-de-diseno-circular-en-el-centro-comunitario-del-b-felipe-varela","status":"publish","type":"post","link":"https:\/\/hablemosclarotdf.com.ar\/?p=50064","title":{"rendered":"USHUAIA : EL MUNICIPIO ABRE INSCRIPCIONES PARA EL TALLER DE DISE\u00d1O CIRCULAR EN EL CENTRO COMUNITARIO DEL B\u00b0 FELIPE VARELA"},"content":{"rendered":"<p>La Municipalidad de Ushuaia, a trav\u00e9s de la Secretar\u00eda de Pol\u00edticas Sociales, Sanitarias y Derechos Humanos, invita a los vecinos y vecinas a participar del Taller Municipal de Dise\u00f1o Circular, una propuesta de formaci\u00f3n en dise\u00f1o textil y moda a partir de elementos reciclados, con enfoque en reciclaje y sustentabilidad.<\/p>\n<p>El taller tendr\u00e1 lugar en el Centro Comunitario Municipal Felipe Varela y contar\u00e1 con dos grupos: el primero, los lunes de 14:00 a 16:00 horas; y el segundo, tambi\u00e9n lunes en el horario de 16:30 a 18:30 horas.<\/p>\n<p>Desde la secretar\u00eda municipal destacaron que \u201cel objetivo es brindar herramientas que permitan transformar materiales en desuso en prendas y accesorios, promoviendo la creatividad, la conciencia ambiental y la econom\u00eda circular en la comunidad\u201d.<\/p>\n<p>Cabe mencionar que los cupos son limitados y quienes quieran inscribirse deber\u00e1n completar el formulario online: https:\/\/inscripciones.website\/taller-de-moda-circular\/ el cual, tambi\u00e9n se encuentra disponible en las redes sociales del municipio.<\/p>\n","protected":false},"excerpt":{"rendered":"<p>La Municipalidad de Ushuaia, a trav\u00e9s de la Secretar\u00eda de Pol\u00edticas Sociales, Sanitarias y Derechos&#8230;<\/p>\n","protected":false},"author":1,"featured_media":50065,"comment_status":"closed","ping_status":"closed","sticky":false,"template":"","format":"standard","meta":{"footnotes":""},"categories":[3],"tags":[],"class_list":["post-50064","post","type-post","status-publish","format-standard","has-post-thumbnail","hentry","category-noticias"],"jetpack_featured_media_url":"https:\/\/hablemosclarotdf.com.ar\/wp-content\/uploads\/2025\/09\/photo_2025-09-09_10-57-08.jpg","_links":{"self":[{"href":"https:\/\/hablemosclarotdf.com.ar\/index.php?rest_route=\/wp\/v2\/posts\/50064","targetHints":{"allow":["GET"]}}],"collection":[{"href":"https:\/\/hablemosclarotdf.com.ar\/index.php?rest_route=\/wp\/v2\/posts"}],"about":[{"href":"https:\/\/hablemosclarotdf.com.ar\/index.php?rest_route=\/wp\/v2\/types\/post"}],"author":[{"embeddable":true,"href":"https:\/\/hablemosclarotdf.com.ar\/index.php?rest_route=\/wp\/v2\/users\/1"}],"replies":[{"embeddable":true,"href":"https:\/\/hablemosclarotdf.com.ar\/index.php?rest_route=%2Fwp%2Fv2%2Fcomments&post=50064"}],"version-history":[{"count":1,"href":"https:\/\/hablemosclarotdf.com.ar\/index.php?rest_route=\/wp\/v2\/posts\/50064\/revisions"}],"predecessor-version":[{"id":50066,"href":"https:\/\/hablemosclarotdf.com.ar\/index.php?rest_route=\/wp\/v2\/posts\/50064\/revisions\/50066"}],"wp:featuredmedia":[{"embeddable":true,"href":"https:\/\/hablemosclarotdf.com.ar\/index.php?rest_route=\/wp\/v2\/media\/50065"}],"wp:attachment":[{"href":"https:\/\/hablemosclarotdf.com.ar\/index.php?rest_route=%2Fwp%2Fv2%2Fmedia&parent=50064"}],"wp:term":[{"taxonomy":"category","embeddable":true,"href":"https:\/\/hablemosclarotdf.com.ar\/index.php?rest_route=%2Fwp%2Fv2%2Fcategories&post=50064"},{"taxonomy":"post_tag","embeddable":true,"href":"https:\/\/hablemosclarotdf.com.ar\/index.php?rest_route=%2Fwp%2Fv2%2Ftags&post=50064"}],"curies":[{"name":"wp","href":"https:\/\/api.w.org\/{rel}","templated":true}]}}