{"id":50005,"date":"2025-09-08T17:53:03","date_gmt":"2025-09-08T20:53:03","guid":{"rendered":"https:\/\/hablemosclarotdf.com.ar\/?p=50005"},"modified":"2025-09-08T17:53:03","modified_gmt":"2025-09-08T20:53:03","slug":"rio-grande-con-el-acompanamiento-del-municipio-puente-viejo-celebro-su-10o-aniversario","status":"publish","type":"post","link":"https:\/\/hablemosclarotdf.com.ar\/?p=50005","title":{"rendered":"RIO GRANDE : CON EL ACOMPA\u00d1AMIENTO DEL MUNICIPIO, PUENTE VIEJO CELEBR\u00d3 SU 10\u00ba ANIVERSARIO"},"content":{"rendered":"<p>El evento se llev\u00f3 adelante este s\u00e1bado 6 en el Paseo Canto del Viento. Con el acompa\u00f1amiento del Estado Municipal, se busca fortalecer la identidad local y poner en valor la producci\u00f3n cervecera.<\/p>\n<p>El secretario de Desarrollo Productivo, Facundo Armas, la subsecretaria de Participaci\u00f3n Ciudadana, D\u00e9bora Galichini, la directora de Comercio e Industria, Valeria S\u00e1nchez y la directora de Desarrollo Local, Ornela Antonio, acompa\u00f1aron a \u201cPuente Viejo\u201d Resto Bar en la celebraci\u00f3n de su 10\u00ba aniversario. Adem\u00e1s, estuvo presente el concejal Jonatan Bogado.<\/p>\n<p>Gracias al acompa\u00f1amiento del Municipio, la actividad se desarroll\u00f3 en las instalaciones del Paseo \u201cCanto del Viento\u201d, donde los vecinos y vecinas pudieron disfrutar de stands de emprendedores locales, un sector gastron\u00f3mico y cervecero, m\u00fasica en vivo y un streaming de Radio del Siglo.<\/p>\n<p>Al respecto, el secretario de Desarrollo Productivo, Facundo Armas, remarc\u00f3: \u201cCelebrar los 10 a\u00f1os de Puente Viejo es reconocer a los emprendedores que apuestan por nuestra ciudad y tambi\u00e9n reafirmar que R\u00edo Grande tiene una matriz productiva con enorme potencial. Desde el Municipio vamos a seguir acompa\u00f1ando y defendiendo a quienes generan trabajo, identidad y desarrollo, porque creemos en una R\u00edo Grande que se construye con soberan\u00eda y con m\u00e1s oportunidades para todos y todas\u201d.<\/p>\n<p>En tanto, la directora de Desarrollo Local, Ornela Antonio, se\u00f1al\u00f3: \u201cDesde el Municipio trabajamos para fortalecer el v\u00ednculo entre el sector p\u00fablico y el privado, porque entendemos que el desarrollo local se construye en conjunto. Celebrar estos 10 a\u00f1os de Puente Viejo es tambi\u00e9n reconocer el esfuerzo de los emprendedores que apuestan a R\u00edo Grande, y reafirmar nuestro compromiso de acompa\u00f1arlos con pol\u00edticas que potencien su crecimiento y el de toda la comunidad\u201d.<\/p>\n<p>De esta manera, el Municipio contin\u00faa acompa\u00f1ando a las y los emprendedores de la ciudad en pos de incentivar el crecimiento productivo, la innovaci\u00f3n y la identidad riograndense.<\/p>\n<p><img loading=\"lazy\" decoding=\"async\" class=\"alignnone size-medium wp-image-50007\" src=\"https:\/\/hablemosclarotdf.com.ar\/wp-content\/uploads\/2025\/09\/photo_2025-09-08_17-51-27-300x200.jpg\" alt=\"\" width=\"300\" height=\"200\" srcset=\"https:\/\/hablemosclarotdf.com.ar\/wp-content\/uploads\/2025\/09\/photo_2025-09-08_17-51-27-300x200.jpg 300w, https:\/\/hablemosclarotdf.com.ar\/wp-content\/uploads\/2025\/09\/photo_2025-09-08_17-51-27-1024x682.jpg 1024w, https:\/\/hablemosclarotdf.com.ar\/wp-content\/uploads\/2025\/09\/photo_2025-09-08_17-51-27-768x512.jpg 768w, https:\/\/hablemosclarotdf.com.ar\/wp-content\/uploads\/2025\/09\/photo_2025-09-08_17-51-27.jpg 1280w\" sizes=\"auto, (max-width: 300px) 100vw, 300px\" \/> <img loading=\"lazy\" decoding=\"async\" class=\"alignnone size-medium wp-image-50008\" src=\"https:\/\/hablemosclarotdf.com.ar\/wp-content\/uploads\/2025\/09\/photo_2025-09-08_17-51-30-300x200.jpg\" alt=\"\" width=\"300\" height=\"200\" srcset=\"https:\/\/hablemosclarotdf.com.ar\/wp-content\/uploads\/2025\/09\/photo_2025-09-08_17-51-30-300x200.jpg 300w, https:\/\/hablemosclarotdf.com.ar\/wp-content\/uploads\/2025\/09\/photo_2025-09-08_17-51-30-1024x682.jpg 1024w, https:\/\/hablemosclarotdf.com.ar\/wp-content\/uploads\/2025\/09\/photo_2025-09-08_17-51-30-768x512.jpg 768w, https:\/\/hablemosclarotdf.com.ar\/wp-content\/uploads\/2025\/09\/photo_2025-09-08_17-51-30.jpg 1280w\" sizes=\"auto, (max-width: 300px) 100vw, 300px\" \/> <img loading=\"lazy\" decoding=\"async\" class=\"alignnone size-medium wp-image-50009\" src=\"https:\/\/hablemosclarotdf.com.ar\/wp-content\/uploads\/2025\/09\/photo_2025-09-08_17-51-35-300x200.jpg\" alt=\"\" width=\"300\" height=\"200\" srcset=\"https:\/\/hablemosclarotdf.com.ar\/wp-content\/uploads\/2025\/09\/photo_2025-09-08_17-51-35-300x200.jpg 300w, https:\/\/hablemosclarotdf.com.ar\/wp-content\/uploads\/2025\/09\/photo_2025-09-08_17-51-35-1024x682.jpg 1024w, https:\/\/hablemosclarotdf.com.ar\/wp-content\/uploads\/2025\/09\/photo_2025-09-08_17-51-35-768x512.jpg 768w, https:\/\/hablemosclarotdf.com.ar\/wp-content\/uploads\/2025\/09\/photo_2025-09-08_17-51-35.jpg 1280w\" sizes=\"auto, (max-width: 300px) 100vw, 300px\" \/> <img loading=\"lazy\" decoding=\"async\" class=\"alignnone size-medium wp-image-50010\" src=\"https:\/\/hablemosclarotdf.com.ar\/wp-content\/uploads\/2025\/09\/photo_2025-09-08_17-51-40-300x200.jpg\" alt=\"\" width=\"300\" height=\"200\" srcset=\"https:\/\/hablemosclarotdf.com.ar\/wp-content\/uploads\/2025\/09\/photo_2025-09-08_17-51-40-300x200.jpg 300w, https:\/\/hablemosclarotdf.com.ar\/wp-content\/uploads\/2025\/09\/photo_2025-09-08_17-51-40-1024x682.jpg 1024w, https:\/\/hablemosclarotdf.com.ar\/wp-content\/uploads\/2025\/09\/photo_2025-09-08_17-51-40-768x512.jpg 768w, https:\/\/hablemosclarotdf.com.ar\/wp-content\/uploads\/2025\/09\/photo_2025-09-08_17-51-40.jpg 1280w\" sizes=\"auto, (max-width: 300px) 100vw, 300px\" \/> <img loading=\"lazy\" decoding=\"async\" class=\"alignnone size-medium wp-image-50011\" src=\"https:\/\/hablemosclarotdf.com.ar\/wp-content\/uploads\/2025\/09\/photo_2025-09-08_17-51-44-300x200.jpg\" alt=\"\" width=\"300\" height=\"200\" srcset=\"https:\/\/hablemosclarotdf.com.ar\/wp-content\/uploads\/2025\/09\/photo_2025-09-08_17-51-44-300x200.jpg 300w, https:\/\/hablemosclarotdf.com.ar\/wp-content\/uploads\/2025\/09\/photo_2025-09-08_17-51-44-1024x682.jpg 1024w, https:\/\/hablemosclarotdf.com.ar\/wp-content\/uploads\/2025\/09\/photo_2025-09-08_17-51-44-768x512.jpg 768w, https:\/\/hablemosclarotdf.com.ar\/wp-content\/uploads\/2025\/09\/photo_2025-09-08_17-51-44.jpg 1280w\" sizes=\"auto, (max-width: 300px) 100vw, 300px\" \/><\/p>\n","protected":false},"excerpt":{"rendered":"<p>El evento se llev\u00f3 adelante este s\u00e1bado 6 en el Paseo Canto del Viento. Con&#8230;<\/p>\n","protected":false},"author":1,"featured_media":50006,"comment_status":"closed","ping_status":"closed","sticky":false,"template":"","format":"standard","meta":{"footnotes":""},"categories":[3],"tags":[],"class_list":["post-50005","post","type-post","status-publish","format-standard","has-post-thumbnail","hentry","category-noticias"],"jetpack_featured_media_url":"https:\/\/hablemosclarotdf.com.ar\/wp-content\/uploads\/2025\/09\/photo_2025-09-08_17-51-18.jpg","_links":{"self":[{"href":"https:\/\/hablemosclarotdf.com.ar\/index.php?rest_route=\/wp\/v2\/posts\/50005","targetHints":{"allow":["GET"]}}],"collection":[{"href":"https:\/\/hablemosclarotdf.com.ar\/index.php?rest_route=\/wp\/v2\/posts"}],"about":[{"href":"https:\/\/hablemosclarotdf.com.ar\/index.php?rest_route=\/wp\/v2\/types\/post"}],"author":[{"embeddable":true,"href":"https:\/\/hablemosclarotdf.com.ar\/index.php?rest_route=\/wp\/v2\/users\/1"}],"replies":[{"embeddable":true,"href":"https:\/\/hablemosclarotdf.com.ar\/index.php?rest_route=%2Fwp%2Fv2%2Fcomments&post=50005"}],"version-history":[{"count":1,"href":"https:\/\/hablemosclarotdf.com.ar\/index.php?rest_route=\/wp\/v2\/posts\/50005\/revisions"}],"predecessor-version":[{"id":50012,"href":"https:\/\/hablemosclarotdf.com.ar\/index.php?rest_route=\/wp\/v2\/posts\/50005\/revisions\/50012"}],"wp:featuredmedia":[{"embeddable":true,"href":"https:\/\/hablemosclarotdf.com.ar\/index.php?rest_route=\/wp\/v2\/media\/50006"}],"wp:attachment":[{"href":"https:\/\/hablemosclarotdf.com.ar\/index.php?rest_route=%2Fwp%2Fv2%2Fmedia&parent=50005"}],"wp:term":[{"taxonomy":"category","embeddable":true,"href":"https:\/\/hablemosclarotdf.com.ar\/index.php?rest_route=%2Fwp%2Fv2%2Fcategories&post=50005"},{"taxonomy":"post_tag","embeddable":true,"href":"https:\/\/hablemosclarotdf.com.ar\/index.php?rest_route=%2Fwp%2Fv2%2Ftags&post=50005"}],"curies":[{"name":"wp","href":"https:\/\/api.w.org\/{rel}","templated":true}]}}