{"id":49998,"date":"2025-09-08T14:22:19","date_gmt":"2025-09-08T17:22:19","guid":{"rendered":"https:\/\/hablemosclarotdf.com.ar\/?p=49998"},"modified":"2025-09-08T14:22:19","modified_gmt":"2025-09-08T17:22:19","slug":"rio-grande-el-municipio-amplia-el-plan-de-acompanamiento-a-clubes","status":"publish","type":"post","link":"https:\/\/hablemosclarotdf.com.ar\/?p=49998","title":{"rendered":"RIO GRANDE : EL MUNICIPIO  AMPL\u00cdA EL PLAN DE ACOMPA\u00d1AMIENTO A CLUBES"},"content":{"rendered":"<p>M\u00e1s de un centenar de instituciones deportivas participaron de una reuni\u00f3n convocada por el Municipio de R\u00edo Grande, en la que se presentaron nuevas herramientas y recursos destinados al fortalecimiento de los clubes y al acompa\u00f1amiento integral de adolescentes.<\/p>\n<p>Durante el encuentro, se formaliz\u00f3 la asignaci\u00f3n de horarios para el uso de espacios deportivos municipales y se compartieron detalles del \u201cPrograma de Acompa\u00f1amiento Integral a Adolescentes\u201d, presentado por el subsecretario de Salud, Agust\u00edn P\u00e9rez, junto a su equipo. El programa facilitar\u00e1 el acceso de j\u00f3venes deportistas a profesionales de la salud, de la nutrici\u00f3n, la salud mental y otras especialidades. Adem\u00e1s, se coordinar\u00e1 con los diferentes clubes la posibilidad de realizar el apto f\u00edsico a los deportistas de R\u00edo Grande en los centros municipales de salud.<\/p>\n<p>La subsecretaria de Participaci\u00f3n Ciudadana, D\u00e9bora Galichini, puso a disposici\u00f3n los dispositivos del \u00e1rea dirigidos a juventudes, como el nuevo Espacio Joven en el sector sur de la ciudad y los Centros Comunitarios Municipales (CCM).<\/p>\n<p>El subsecretario de Deportes, Diego Radwanitzer, destac\u00f3 \u201cel crecimiento sostenido del deporte en la ciudad\u201d y el compromiso de los dirigentes: \u201cSin clubes no hay deporte&#8221; Por eso subrayo que &#8220;uno de los pilares principales del modelo de gesti\u00f3n deportiva que llevamos adelante es el fortalecimiento de las instituciones deportivas\u201d.<\/p>\n<p>Tambi\u00e9n acompa\u00f1aron la reuni\u00f3n el concejal Jonatan Bogado; la directora general de Deportes, Antonela Soto; las doctoras Adriana Zoffoli y Emilia Blandini; y la directora del \u00e1rea de Salud Mental, Andrea Manavela. Adem\u00e1s, se invit\u00f3 a las instituciones a participar del pr\u00f3ximo Congreso Internacional de Prevenci\u00f3n del Suicidio.<\/p>\n<p>El trabajo articulado entre las distintas \u00e1reas municipales y las instituciones deportivas permite consolidar pol\u00edticas p\u00fablicas que promueven el bienestar integral de la comunidad.<\/p>\n<p><img loading=\"lazy\" decoding=\"async\" class=\"alignnone size-medium wp-image-50000\" src=\"https:\/\/hablemosclarotdf.com.ar\/wp-content\/uploads\/2025\/09\/photo_2025-09-08_14-19-33-300x200.jpg\" alt=\"\" width=\"300\" height=\"200\" srcset=\"https:\/\/hablemosclarotdf.com.ar\/wp-content\/uploads\/2025\/09\/photo_2025-09-08_14-19-33-300x200.jpg 300w, https:\/\/hablemosclarotdf.com.ar\/wp-content\/uploads\/2025\/09\/photo_2025-09-08_14-19-33-1024x684.jpg 1024w, https:\/\/hablemosclarotdf.com.ar\/wp-content\/uploads\/2025\/09\/photo_2025-09-08_14-19-33-768x513.jpg 768w, https:\/\/hablemosclarotdf.com.ar\/wp-content\/uploads\/2025\/09\/photo_2025-09-08_14-19-33.jpg 1280w\" sizes=\"auto, (max-width: 300px) 100vw, 300px\" \/> <img loading=\"lazy\" decoding=\"async\" class=\"alignnone size-medium wp-image-50001\" src=\"https:\/\/hablemosclarotdf.com.ar\/wp-content\/uploads\/2025\/09\/photo_2025-09-08_14-19-37-300x200.jpg\" alt=\"\" width=\"300\" height=\"200\" srcset=\"https:\/\/hablemosclarotdf.com.ar\/wp-content\/uploads\/2025\/09\/photo_2025-09-08_14-19-37-300x200.jpg 300w, https:\/\/hablemosclarotdf.com.ar\/wp-content\/uploads\/2025\/09\/photo_2025-09-08_14-19-37-1024x684.jpg 1024w, https:\/\/hablemosclarotdf.com.ar\/wp-content\/uploads\/2025\/09\/photo_2025-09-08_14-19-37-768x513.jpg 768w, https:\/\/hablemosclarotdf.com.ar\/wp-content\/uploads\/2025\/09\/photo_2025-09-08_14-19-37.jpg 1280w\" sizes=\"auto, (max-width: 300px) 100vw, 300px\" \/> <img loading=\"lazy\" decoding=\"async\" class=\"alignnone size-medium wp-image-50002\" src=\"https:\/\/hablemosclarotdf.com.ar\/wp-content\/uploads\/2025\/09\/photo_2025-09-08_14-19-42-300x200.jpg\" alt=\"\" width=\"300\" height=\"200\" srcset=\"https:\/\/hablemosclarotdf.com.ar\/wp-content\/uploads\/2025\/09\/photo_2025-09-08_14-19-42-300x200.jpg 300w, https:\/\/hablemosclarotdf.com.ar\/wp-content\/uploads\/2025\/09\/photo_2025-09-08_14-19-42-1024x684.jpg 1024w, https:\/\/hablemosclarotdf.com.ar\/wp-content\/uploads\/2025\/09\/photo_2025-09-08_14-19-42-768x513.jpg 768w, https:\/\/hablemosclarotdf.com.ar\/wp-content\/uploads\/2025\/09\/photo_2025-09-08_14-19-42.jpg 1280w\" sizes=\"auto, (max-width: 300px) 100vw, 300px\" \/> <img loading=\"lazy\" decoding=\"async\" class=\"alignnone size-medium wp-image-50003\" src=\"https:\/\/hablemosclarotdf.com.ar\/wp-content\/uploads\/2025\/09\/photo_2025-09-08_14-19-47-300x200.jpg\" alt=\"\" width=\"300\" height=\"200\" srcset=\"https:\/\/hablemosclarotdf.com.ar\/wp-content\/uploads\/2025\/09\/photo_2025-09-08_14-19-47-300x200.jpg 300w, https:\/\/hablemosclarotdf.com.ar\/wp-content\/uploads\/2025\/09\/photo_2025-09-08_14-19-47-1024x684.jpg 1024w, https:\/\/hablemosclarotdf.com.ar\/wp-content\/uploads\/2025\/09\/photo_2025-09-08_14-19-47-768x513.jpg 768w, https:\/\/hablemosclarotdf.com.ar\/wp-content\/uploads\/2025\/09\/photo_2025-09-08_14-19-47.jpg 1280w\" sizes=\"auto, (max-width: 300px) 100vw, 300px\" \/><\/p>\n","protected":false},"excerpt":{"rendered":"<p>M\u00e1s de un centenar de instituciones deportivas participaron de una reuni\u00f3n convocada por el Municipio&#8230;<\/p>\n","protected":false},"author":1,"featured_media":49999,"comment_status":"closed","ping_status":"closed","sticky":false,"template":"","format":"standard","meta":{"footnotes":""},"categories":[3],"tags":[],"class_list":["post-49998","post","type-post","status-publish","format-standard","has-post-thumbnail","hentry","category-noticias"],"jetpack_featured_media_url":"https:\/\/hablemosclarotdf.com.ar\/wp-content\/uploads\/2025\/09\/photo_2025-09-08_14-19-23.jpg","_links":{"self":[{"href":"https:\/\/hablemosclarotdf.com.ar\/index.php?rest_route=\/wp\/v2\/posts\/49998","targetHints":{"allow":["GET"]}}],"collection":[{"href":"https:\/\/hablemosclarotdf.com.ar\/index.php?rest_route=\/wp\/v2\/posts"}],"about":[{"href":"https:\/\/hablemosclarotdf.com.ar\/index.php?rest_route=\/wp\/v2\/types\/post"}],"author":[{"embeddable":true,"href":"https:\/\/hablemosclarotdf.com.ar\/index.php?rest_route=\/wp\/v2\/users\/1"}],"replies":[{"embeddable":true,"href":"https:\/\/hablemosclarotdf.com.ar\/index.php?rest_route=%2Fwp%2Fv2%2Fcomments&post=49998"}],"version-history":[{"count":1,"href":"https:\/\/hablemosclarotdf.com.ar\/index.php?rest_route=\/wp\/v2\/posts\/49998\/revisions"}],"predecessor-version":[{"id":50004,"href":"https:\/\/hablemosclarotdf.com.ar\/index.php?rest_route=\/wp\/v2\/posts\/49998\/revisions\/50004"}],"wp:featuredmedia":[{"embeddable":true,"href":"https:\/\/hablemosclarotdf.com.ar\/index.php?rest_route=\/wp\/v2\/media\/49999"}],"wp:attachment":[{"href":"https:\/\/hablemosclarotdf.com.ar\/index.php?rest_route=%2Fwp%2Fv2%2Fmedia&parent=49998"}],"wp:term":[{"taxonomy":"category","embeddable":true,"href":"https:\/\/hablemosclarotdf.com.ar\/index.php?rest_route=%2Fwp%2Fv2%2Fcategories&post=49998"},{"taxonomy":"post_tag","embeddable":true,"href":"https:\/\/hablemosclarotdf.com.ar\/index.php?rest_route=%2Fwp%2Fv2%2Ftags&post=49998"}],"curies":[{"name":"wp","href":"https:\/\/api.w.org\/{rel}","templated":true}]}}