{"id":49987,"date":"2025-09-08T13:36:29","date_gmt":"2025-09-08T16:36:29","guid":{"rendered":"https:\/\/hablemosclarotdf.com.ar\/?p=49987"},"modified":"2025-09-08T13:36:29","modified_gmt":"2025-09-08T16:36:29","slug":"se-realizo-en-tierra-del-fuego-el-cierre-del-programa-federal-de-gestion-ambiental-del-cfi","status":"publish","type":"post","link":"https:\/\/hablemosclarotdf.com.ar\/?p=49987","title":{"rendered":"SE REALIZ\u00d3 EN TIERRA DEL FUEGO EL CIERRE DEL PROGRAMA FEDERAL DE GESTI\u00d3N AMBIENTAL DEL CFI"},"content":{"rendered":"<p>Durante dos jornadas, la provincia de Tierra del Fuego AIAS recibi\u00f3 a 21 representantes de las provincias patag\u00f3nicas &#8211; Santa Cruz, Chubut, R\u00edo Negro, Neuqu\u00e9n y la Provincia anfitriona &#8211; y del CFI, en el marco del cierre del Programa Federal de Gesti\u00f3n Ambiental, impulsado por la Escuela Federal de Desarrollo del Consejo Federal de inversiones &#8211; CFI.<\/p>\n<p>La secretaria de Ambiente, Lic. Andrea Bianchi, celebr\u00f3 que Tierra del Fuego haya sido elegida como sede de este cierre, destacando que \u201clas jornadas fueron muy fruct\u00edferas y brindaron un espacio de di\u00e1logo para abordar problem\u00e1ticas ambientales compartidas, como el impacto del cambio clim\u00e1tico en los glaciares y la gesti\u00f3n del agua\u201d. Adem\u00e1s, subray\u00f3 que \u201cel objetivo principal fue dotar a los gestores p\u00fablicos de herramientas para integrar la dimensi\u00f3n ambiental en el desarrollo productivo\u201d.<\/p>\n<p>Para ello se cont\u00f3 con la disertaci\u00f3n de Profesionales con trayectoria dependientes de la Secretaria de Ambiente, como as\u00ed tambi\u00e9n docentes investigadores de la UNTDF y CADIC.<\/p>\n<p>El programa incluy\u00f3 debates sobre el impacto de la actividad hidrocarbur\u00edfera, la prevenci\u00f3n de incendios en bosques nativos y estrategias de planificaci\u00f3n territorial y gesti\u00f3n ambiental regional. Como parte de las actividades se realizaron visitas t\u00e9cnicas a un operador de residuos peligrosos en Ushuaia, a un aserradero y un operador de residuos valorizables en Tolhuin, permitiendo conocer experiencias locales de manejo responsable.<\/p>\n<p>El cierre del evento coincidi\u00f3 con el D\u00eda de la Mujer Ind\u00edgena y se conmemor\u00f3 con un emotivo encuentro en el coraz\u00f3n de la isla junto a productoras de la comunidad Ind\u00edgena Rafaela Ishton. \u201cFue una jornada de intercambio muy valiosa, donde pudimos conocer c\u00f3mo, desde su lugar, ellas tambi\u00e9n promueven espacios de protecci\u00f3n, gesti\u00f3n y conservaci\u00f3n del bosque nativo\u201d, expres\u00f3 Bianchi.<\/p>\n<p>Finalmente, la secretaria valor\u00f3 la experiencia como \u201cun momento de gran aprendizaje colectivo\u201d, que permiti\u00f3 compartir saberes, fortalecer v\u00ednculos interprovinciales, y delinear desaf\u00edos futuros en materia ambiental.<\/p>\n<p><img loading=\"lazy\" decoding=\"async\" class=\"alignnone size-medium wp-image-49989\" src=\"https:\/\/hablemosclarotdf.com.ar\/wp-content\/uploads\/2025\/09\/photo_2025-09-08_13-33-09-300x186.jpg\" alt=\"\" width=\"300\" height=\"186\" srcset=\"https:\/\/hablemosclarotdf.com.ar\/wp-content\/uploads\/2025\/09\/photo_2025-09-08_13-33-09-300x186.jpg 300w, https:\/\/hablemosclarotdf.com.ar\/wp-content\/uploads\/2025\/09\/photo_2025-09-08_13-33-09-1024x634.jpg 1024w, https:\/\/hablemosclarotdf.com.ar\/wp-content\/uploads\/2025\/09\/photo_2025-09-08_13-33-09-768x476.jpg 768w, https:\/\/hablemosclarotdf.com.ar\/wp-content\/uploads\/2025\/09\/photo_2025-09-08_13-33-09.jpg 1280w\" sizes=\"auto, (max-width: 300px) 100vw, 300px\" \/> <img loading=\"lazy\" decoding=\"async\" class=\"alignnone size-medium wp-image-49990\" src=\"https:\/\/hablemosclarotdf.com.ar\/wp-content\/uploads\/2025\/09\/photo_2025-09-08_13-32-15-300x198.jpg\" alt=\"\" width=\"300\" height=\"198\" srcset=\"https:\/\/hablemosclarotdf.com.ar\/wp-content\/uploads\/2025\/09\/photo_2025-09-08_13-32-15-300x198.jpg 300w, https:\/\/hablemosclarotdf.com.ar\/wp-content\/uploads\/2025\/09\/photo_2025-09-08_13-32-15-1024x675.jpg 1024w, https:\/\/hablemosclarotdf.com.ar\/wp-content\/uploads\/2025\/09\/photo_2025-09-08_13-32-15-768x506.jpg 768w, https:\/\/hablemosclarotdf.com.ar\/wp-content\/uploads\/2025\/09\/photo_2025-09-08_13-32-15.jpg 1280w\" sizes=\"auto, (max-width: 300px) 100vw, 300px\" \/> <img loading=\"lazy\" decoding=\"async\" class=\"alignnone size-medium wp-image-49991\" src=\"https:\/\/hablemosclarotdf.com.ar\/wp-content\/uploads\/2025\/09\/photo_2025-09-08_13-32-25-300x203.jpg\" alt=\"\" width=\"300\" height=\"203\" srcset=\"https:\/\/hablemosclarotdf.com.ar\/wp-content\/uploads\/2025\/09\/photo_2025-09-08_13-32-25-300x203.jpg 300w, https:\/\/hablemosclarotdf.com.ar\/wp-content\/uploads\/2025\/09\/photo_2025-09-08_13-32-25-1024x694.jpg 1024w, https:\/\/hablemosclarotdf.com.ar\/wp-content\/uploads\/2025\/09\/photo_2025-09-08_13-32-25-768x521.jpg 768w, https:\/\/hablemosclarotdf.com.ar\/wp-content\/uploads\/2025\/09\/photo_2025-09-08_13-32-25.jpg 1280w\" sizes=\"auto, (max-width: 300px) 100vw, 300px\" \/> <img loading=\"lazy\" decoding=\"async\" class=\"alignnone size-medium wp-image-49992\" src=\"https:\/\/hablemosclarotdf.com.ar\/wp-content\/uploads\/2025\/09\/photo_2025-09-08_13-32-57-300x200.jpg\" alt=\"\" width=\"300\" height=\"200\" srcset=\"https:\/\/hablemosclarotdf.com.ar\/wp-content\/uploads\/2025\/09\/photo_2025-09-08_13-32-57-300x200.jpg 300w, https:\/\/hablemosclarotdf.com.ar\/wp-content\/uploads\/2025\/09\/photo_2025-09-08_13-32-57-1024x682.jpg 1024w, https:\/\/hablemosclarotdf.com.ar\/wp-content\/uploads\/2025\/09\/photo_2025-09-08_13-32-57-768x511.jpg 768w, https:\/\/hablemosclarotdf.com.ar\/wp-content\/uploads\/2025\/09\/photo_2025-09-08_13-32-57.jpg 1280w\" sizes=\"auto, (max-width: 300px) 100vw, 300px\" \/> <img loading=\"lazy\" decoding=\"async\" class=\"alignnone size-medium wp-image-49993\" src=\"https:\/\/hablemosclarotdf.com.ar\/wp-content\/uploads\/2025\/09\/photo_2025-09-08_13-33-02-300x199.jpg\" alt=\"\" width=\"300\" height=\"199\" srcset=\"https:\/\/hablemosclarotdf.com.ar\/wp-content\/uploads\/2025\/09\/photo_2025-09-08_13-33-02-300x199.jpg 300w, https:\/\/hablemosclarotdf.com.ar\/wp-content\/uploads\/2025\/09\/photo_2025-09-08_13-33-02-1024x678.jpg 1024w, https:\/\/hablemosclarotdf.com.ar\/wp-content\/uploads\/2025\/09\/photo_2025-09-08_13-33-02-768x508.jpg 768w, https:\/\/hablemosclarotdf.com.ar\/wp-content\/uploads\/2025\/09\/photo_2025-09-08_13-33-02.jpg 1280w\" sizes=\"auto, (max-width: 300px) 100vw, 300px\" \/> <img loading=\"lazy\" decoding=\"async\" class=\"alignnone size-medium wp-image-49994\" src=\"https:\/\/hablemosclarotdf.com.ar\/wp-content\/uploads\/2025\/09\/photo_2025-09-08_13-33-13-300x181.jpg\" alt=\"\" width=\"300\" height=\"181\" srcset=\"https:\/\/hablemosclarotdf.com.ar\/wp-content\/uploads\/2025\/09\/photo_2025-09-08_13-33-13-300x181.jpg 300w, https:\/\/hablemosclarotdf.com.ar\/wp-content\/uploads\/2025\/09\/photo_2025-09-08_13-33-13-1024x618.jpg 1024w, https:\/\/hablemosclarotdf.com.ar\/wp-content\/uploads\/2025\/09\/photo_2025-09-08_13-33-13-768x463.jpg 768w, https:\/\/hablemosclarotdf.com.ar\/wp-content\/uploads\/2025\/09\/photo_2025-09-08_13-33-13.jpg 1280w\" sizes=\"auto, (max-width: 300px) 100vw, 300px\" \/> <img loading=\"lazy\" decoding=\"async\" class=\"alignnone size-medium wp-image-49995\" src=\"https:\/\/hablemosclarotdf.com.ar\/wp-content\/uploads\/2025\/09\/photo_2025-09-08_13-33-17-300x188.jpg\" alt=\"\" width=\"300\" height=\"188\" srcset=\"https:\/\/hablemosclarotdf.com.ar\/wp-content\/uploads\/2025\/09\/photo_2025-09-08_13-33-17-300x188.jpg 300w, https:\/\/hablemosclarotdf.com.ar\/wp-content\/uploads\/2025\/09\/photo_2025-09-08_13-33-17-1024x642.jpg 1024w, https:\/\/hablemosclarotdf.com.ar\/wp-content\/uploads\/2025\/09\/photo_2025-09-08_13-33-17-768x482.jpg 768w, https:\/\/hablemosclarotdf.com.ar\/wp-content\/uploads\/2025\/09\/photo_2025-09-08_13-33-17-800x500.jpg 800w, https:\/\/hablemosclarotdf.com.ar\/wp-content\/uploads\/2025\/09\/photo_2025-09-08_13-33-17-540x340.jpg 540w, https:\/\/hablemosclarotdf.com.ar\/wp-content\/uploads\/2025\/09\/photo_2025-09-08_13-33-17-400x250.jpg 400w, https:\/\/hablemosclarotdf.com.ar\/wp-content\/uploads\/2025\/09\/photo_2025-09-08_13-33-17.jpg 1280w\" sizes=\"auto, (max-width: 300px) 100vw, 300px\" \/> <img loading=\"lazy\" decoding=\"async\" class=\"alignnone size-medium wp-image-49996\" src=\"https:\/\/hablemosclarotdf.com.ar\/wp-content\/uploads\/2025\/09\/photo_2025-09-08_13-33-32-300x188.jpg\" alt=\"\" width=\"300\" height=\"188\" srcset=\"https:\/\/hablemosclarotdf.com.ar\/wp-content\/uploads\/2025\/09\/photo_2025-09-08_13-33-32-300x188.jpg 300w, https:\/\/hablemosclarotdf.com.ar\/wp-content\/uploads\/2025\/09\/photo_2025-09-08_13-33-32-1024x642.jpg 1024w, https:\/\/hablemosclarotdf.com.ar\/wp-content\/uploads\/2025\/09\/photo_2025-09-08_13-33-32-768x482.jpg 768w, https:\/\/hablemosclarotdf.com.ar\/wp-content\/uploads\/2025\/09\/photo_2025-09-08_13-33-32-800x500.jpg 800w, https:\/\/hablemosclarotdf.com.ar\/wp-content\/uploads\/2025\/09\/photo_2025-09-08_13-33-32-540x340.jpg 540w, https:\/\/hablemosclarotdf.com.ar\/wp-content\/uploads\/2025\/09\/photo_2025-09-08_13-33-32-400x250.jpg 400w, https:\/\/hablemosclarotdf.com.ar\/wp-content\/uploads\/2025\/09\/photo_2025-09-08_13-33-32.jpg 1280w\" sizes=\"auto, (max-width: 300px) 100vw, 300px\" \/><\/p>\n","protected":false},"excerpt":{"rendered":"<p>Durante dos jornadas, la provincia de Tierra del Fuego AIAS recibi\u00f3 a 21 representantes de&#8230;<\/p>\n","protected":false},"author":1,"featured_media":49988,"comment_status":"closed","ping_status":"closed","sticky":false,"template":"","format":"standard","meta":{"footnotes":""},"categories":[3],"tags":[],"class_list":["post-49987","post","type-post","status-publish","format-standard","has-post-thumbnail","hentry","category-noticias"],"jetpack_featured_media_url":"https:\/\/hablemosclarotdf.com.ar\/wp-content\/uploads\/2025\/09\/photo_2025-09-08_13-31-57.jpg","_links":{"self":[{"href":"https:\/\/hablemosclarotdf.com.ar\/index.php?rest_route=\/wp\/v2\/posts\/49987","targetHints":{"allow":["GET"]}}],"collection":[{"href":"https:\/\/hablemosclarotdf.com.ar\/index.php?rest_route=\/wp\/v2\/posts"}],"about":[{"href":"https:\/\/hablemosclarotdf.com.ar\/index.php?rest_route=\/wp\/v2\/types\/post"}],"author":[{"embeddable":true,"href":"https:\/\/hablemosclarotdf.com.ar\/index.php?rest_route=\/wp\/v2\/users\/1"}],"replies":[{"embeddable":true,"href":"https:\/\/hablemosclarotdf.com.ar\/index.php?rest_route=%2Fwp%2Fv2%2Fcomments&post=49987"}],"version-history":[{"count":1,"href":"https:\/\/hablemosclarotdf.com.ar\/index.php?rest_route=\/wp\/v2\/posts\/49987\/revisions"}],"predecessor-version":[{"id":49997,"href":"https:\/\/hablemosclarotdf.com.ar\/index.php?rest_route=\/wp\/v2\/posts\/49987\/revisions\/49997"}],"wp:featuredmedia":[{"embeddable":true,"href":"https:\/\/hablemosclarotdf.com.ar\/index.php?rest_route=\/wp\/v2\/media\/49988"}],"wp:attachment":[{"href":"https:\/\/hablemosclarotdf.com.ar\/index.php?rest_route=%2Fwp%2Fv2%2Fmedia&parent=49987"}],"wp:term":[{"taxonomy":"category","embeddable":true,"href":"https:\/\/hablemosclarotdf.com.ar\/index.php?rest_route=%2Fwp%2Fv2%2Fcategories&post=49987"},{"taxonomy":"post_tag","embeddable":true,"href":"https:\/\/hablemosclarotdf.com.ar\/index.php?rest_route=%2Fwp%2Fv2%2Ftags&post=49987"}],"curies":[{"name":"wp","href":"https:\/\/api.w.org\/{rel}","templated":true}]}}