{"id":49984,"date":"2025-09-08T13:29:19","date_gmt":"2025-09-08T16:29:19","guid":{"rendered":"https:\/\/hablemosclarotdf.com.ar\/?p=49984"},"modified":"2025-09-08T13:29:19","modified_gmt":"2025-09-08T16:29:19","slug":"el-ministerio-de-educacion-expresa-su-mas-energico-repudio-hacia-todo-acto-de-violencia-y-vandalismo","status":"publish","type":"post","link":"https:\/\/hablemosclarotdf.com.ar\/?p=49984","title":{"rendered":"EL MINISTERIO DE EDUCACI\u00d3N EXPRESA SU M\u00c1S EN\u00c9RGICO REPUDIO HACIA TODO ACTO DE VIOLENCIA Y VANDALISMO"},"content":{"rendered":"<p>El Ministerio de Educaci\u00f3n manifiesta su m\u00e1s firme y en\u00e9rgico rechazo ante episodios de violencia y actos vand\u00e1licos que han tenido lugar en diversos entornos educativos.<\/p>\n<p>Estas acciones, que atentan contra la integridad f\u00edsica y emocional de las personas, la seguridad de la comunidad y el patrimonio com\u00fan, son absolutamente incompatibles con los valores fundamentales que promueve el sistema educativo: el di\u00e1logo, el respeto, la convivencia pac\u00edfica y la resoluci\u00f3n de conflictos por medios no violentos.<\/p>\n<p>La violencia, en todas sus formas (f\u00edsica, verbal, psicol\u00f3gica o a trav\u00e9s de las redes sociales), as\u00ed como la destrucci\u00f3n de bienes p\u00fablicos y privados, no solo generan da\u00f1os materiales y personales inmediatos, sino que tambi\u00e9n socavan el clima de armon\u00eda y tolerancia necesario para el desarrollo pleno de la educaci\u00f3n y la construcci\u00f3n de una ciudadan\u00eda responsable.<\/p>\n<p>En este sentido, y en el marco de nuestra responsabilidad institucional:<\/p>\n<p>Repudiamos categ\u00f3ricamente cualquier manifestaci\u00f3n de violencia y vandalismo.<\/p>\n<p>Expresamos nuestra solidaridad y apoyo a todas las posibles v\u00edctimas directas e indirectas de estos actos, as\u00ed como a sus familias y comunidades educativas afectadas. Reconocemos el impacto traum\u00e1tico que estas situaciones generan y reafirmamos nuestro compromiso de trabajar para garantizar entornos seguros.<\/p>\n<p>Exhortamos a todos los actores de la sociedad, en especial a las familias, estudiantes, docentes y autoridades, a fomentar una cultura de paz, a privilegiar la palabra sobre la agresi\u00f3n y a denunciar cualquier hecho de violencia ante las autoridades competentes.<\/p>\n<p>Ratificamos nuestro compromiso de impulsar pol\u00edticas y programas educativos que fortalezcan la educaci\u00f3n para la paz, los derechos humanos y la convivencia democr\u00e1tica, como herramientas esenciales para prevenir la violencia y construir una sociedad m\u00e1s justa y solidaria.<\/p>\n<p>El Ministerio de Educaci\u00f3n convoca a toda la comunidad a defender y cuidar la escuela como un espacio sagrado de protecci\u00f3n, aprendizaje y encuentro, donde primen el respeto mutuo y la construcci\u00f3n colectiva de un futuro mejo<\/p>\n","protected":false},"excerpt":{"rendered":"<p>El Ministerio de Educaci\u00f3n manifiesta su m\u00e1s firme y en\u00e9rgico rechazo ante episodios de violencia&#8230;<\/p>\n","protected":false},"author":1,"featured_media":49985,"comment_status":"closed","ping_status":"closed","sticky":false,"template":"","format":"standard","meta":{"footnotes":""},"categories":[3],"tags":[],"class_list":["post-49984","post","type-post","status-publish","format-standard","has-post-thumbnail","hentry","category-noticias"],"jetpack_featured_media_url":"https:\/\/hablemosclarotdf.com.ar\/wp-content\/uploads\/2025\/09\/photo_2025-09-08_13-27-09.jpg","_links":{"self":[{"href":"https:\/\/hablemosclarotdf.com.ar\/index.php?rest_route=\/wp\/v2\/posts\/49984","targetHints":{"allow":["GET"]}}],"collection":[{"href":"https:\/\/hablemosclarotdf.com.ar\/index.php?rest_route=\/wp\/v2\/posts"}],"about":[{"href":"https:\/\/hablemosclarotdf.com.ar\/index.php?rest_route=\/wp\/v2\/types\/post"}],"author":[{"embeddable":true,"href":"https:\/\/hablemosclarotdf.com.ar\/index.php?rest_route=\/wp\/v2\/users\/1"}],"replies":[{"embeddable":true,"href":"https:\/\/hablemosclarotdf.com.ar\/index.php?rest_route=%2Fwp%2Fv2%2Fcomments&post=49984"}],"version-history":[{"count":1,"href":"https:\/\/hablemosclarotdf.com.ar\/index.php?rest_route=\/wp\/v2\/posts\/49984\/revisions"}],"predecessor-version":[{"id":49986,"href":"https:\/\/hablemosclarotdf.com.ar\/index.php?rest_route=\/wp\/v2\/posts\/49984\/revisions\/49986"}],"wp:featuredmedia":[{"embeddable":true,"href":"https:\/\/hablemosclarotdf.com.ar\/index.php?rest_route=\/wp\/v2\/media\/49985"}],"wp:attachment":[{"href":"https:\/\/hablemosclarotdf.com.ar\/index.php?rest_route=%2Fwp%2Fv2%2Fmedia&parent=49984"}],"wp:term":[{"taxonomy":"category","embeddable":true,"href":"https:\/\/hablemosclarotdf.com.ar\/index.php?rest_route=%2Fwp%2Fv2%2Fcategories&post=49984"},{"taxonomy":"post_tag","embeddable":true,"href":"https:\/\/hablemosclarotdf.com.ar\/index.php?rest_route=%2Fwp%2Fv2%2Ftags&post=49984"}],"curies":[{"name":"wp","href":"https:\/\/api.w.org\/{rel}","templated":true}]}}