{"id":49981,"date":"2025-09-08T13:26:32","date_gmt":"2025-09-08T16:26:32","guid":{"rendered":"https:\/\/hablemosclarotdf.com.ar\/?p=49981"},"modified":"2025-09-08T13:26:32","modified_gmt":"2025-09-08T16:26:32","slug":"ushuaia-la-municipalidad-acompanara-el-concierto-lirico-pinceladas-argentinas-en-la-casa-de-la-cultura-enriqueta-gastelumendi","status":"publish","type":"post","link":"https:\/\/hablemosclarotdf.com.ar\/?p=49981","title":{"rendered":"USHUAIA :  LA MUNICIPALIDAD  ACOMPA\u00d1AR\u00c1 EL CONCIERTO L\u00cdRICO \u201cPINCELADAS ARGENTINAS\u201d EN LA CASA DE LA CULTURA ENRIQUETA GASTELUMENDI"},"content":{"rendered":"<p>El espect\u00e1culo se llevar\u00e1 adelante el d\u00eda mi\u00e9rcoles 17 a las 19:30 horas<\/p>\n<p>La Secretar\u00eda de Cultura y Educaci\u00f3n de la Municipalidad de Ushuaia acompa\u00f1ar\u00e1 el concierto l\u00edrico \u201cPinceladas Argentinas\u201d este mi\u00e9rcoles 17 de septiembre a las 19:30 horas en la Sala Nin\u00ed Marshall de la Casa de la Cultura Enriqueta Gastelumendi.<br \/>\nDicha propuesta, que se da en el marco del 30\u00b0 Aniversario de la Casa de la Cultura Enriqueta Gastelumendi, presentar\u00e1 a Karina Su\u00e1rez, cantante soprano, el tenor Diego Miguel y el pianista Diego Alfredo P\u00e9rez. La entrada tendr\u00e1 un valor de $10.000 siendo su venta a trav\u00e9s del WhatsApp 1165157927 o el perfil de Instagram @pinceladasargentinas.<br \/>\n\u201cPinceladas Argentinas\u201d es un tr\u00edo donde se conjugan recortes de obras tanto acad\u00e9micas como populares, con una fuerte impronta vinculada a la idiosincrasia del pa\u00eds, acercando la cultura e identidad argentina a trav\u00e9s de la m\u00fasica. Sus integrantes combinan sus bases acad\u00e9micas y recorridos variados, representando la m\u00fasica argentina a lo largo y ancho del pa\u00eds, desde los tangos y milongas porte\u00f1os hasta las canciones sure\u00f1as y los carnavalitos y huianos del norte argentino.<br \/>\nBel\u00e9n Molina, secretaria de Cultura y Educaci\u00f3n, detall\u00f3 que \u201cestamos muy contentos de acompa\u00f1ar esta propuesta, que resalta y visibiliza la riqueza cultural y musical de nuestro pa\u00eds, celebrando junto a este gran espect\u00e1culo y los vecinos y vecinas el 30\u00b0 Aniversario de una Casa de la Cultura vibrante donde el arte y la cultura se exhiben a la comunidad\u201d.<br \/>\nPara conocer m\u00e1s sobre el concierto l\u00edrico \u201cPinceladas Argentinas\u201d, las y los interesados podr\u00e1n visitar las redes sociales del mismo en @pinceladasargentinas, as\u00ed como adquirir sus entradas anticipadas.<\/p>\n","protected":false},"excerpt":{"rendered":"<p>El espect\u00e1culo se llevar\u00e1 adelante el d\u00eda mi\u00e9rcoles 17 a las 19:30 horas La Secretar\u00eda&#8230;<\/p>\n","protected":false},"author":1,"featured_media":49982,"comment_status":"closed","ping_status":"closed","sticky":false,"template":"","format":"standard","meta":{"footnotes":""},"categories":[3],"tags":[],"class_list":["post-49981","post","type-post","status-publish","format-standard","has-post-thumbnail","hentry","category-noticias"],"jetpack_featured_media_url":"https:\/\/hablemosclarotdf.com.ar\/wp-content\/uploads\/2025\/09\/photo_2025-09-08_13-25-38.jpg","_links":{"self":[{"href":"https:\/\/hablemosclarotdf.com.ar\/index.php?rest_route=\/wp\/v2\/posts\/49981","targetHints":{"allow":["GET"]}}],"collection":[{"href":"https:\/\/hablemosclarotdf.com.ar\/index.php?rest_route=\/wp\/v2\/posts"}],"about":[{"href":"https:\/\/hablemosclarotdf.com.ar\/index.php?rest_route=\/wp\/v2\/types\/post"}],"author":[{"embeddable":true,"href":"https:\/\/hablemosclarotdf.com.ar\/index.php?rest_route=\/wp\/v2\/users\/1"}],"replies":[{"embeddable":true,"href":"https:\/\/hablemosclarotdf.com.ar\/index.php?rest_route=%2Fwp%2Fv2%2Fcomments&post=49981"}],"version-history":[{"count":1,"href":"https:\/\/hablemosclarotdf.com.ar\/index.php?rest_route=\/wp\/v2\/posts\/49981\/revisions"}],"predecessor-version":[{"id":49983,"href":"https:\/\/hablemosclarotdf.com.ar\/index.php?rest_route=\/wp\/v2\/posts\/49981\/revisions\/49983"}],"wp:featuredmedia":[{"embeddable":true,"href":"https:\/\/hablemosclarotdf.com.ar\/index.php?rest_route=\/wp\/v2\/media\/49982"}],"wp:attachment":[{"href":"https:\/\/hablemosclarotdf.com.ar\/index.php?rest_route=%2Fwp%2Fv2%2Fmedia&parent=49981"}],"wp:term":[{"taxonomy":"category","embeddable":true,"href":"https:\/\/hablemosclarotdf.com.ar\/index.php?rest_route=%2Fwp%2Fv2%2Fcategories&post=49981"},{"taxonomy":"post_tag","embeddable":true,"href":"https:\/\/hablemosclarotdf.com.ar\/index.php?rest_route=%2Fwp%2Fv2%2Ftags&post=49981"}],"curies":[{"name":"wp","href":"https:\/\/api.w.org\/{rel}","templated":true}]}}