{"id":49945,"date":"2025-09-08T10:37:19","date_gmt":"2025-09-08T13:37:19","guid":{"rendered":"https:\/\/hablemosclarotdf.com.ar\/?p=49945"},"modified":"2025-09-08T10:37:19","modified_gmt":"2025-09-08T13:37:19","slug":"rio-grande-tecnologia-y-educacion-rio-grande-cerro-con-exito-el-5-congreso-nacional-de-it","status":"publish","type":"post","link":"https:\/\/hablemosclarotdf.com.ar\/?p=49945","title":{"rendered":"RIO GRANDE : TECNOLOG\u00cdA Y EDUCACI\u00d3N: R\u00cdO GRANDE CERR\u00d3 CON \u00c9XITO EL 5\u00b0 CONGRESO NACIONAL DE IT"},"content":{"rendered":"<p>En R\u00edo Grande se llev\u00f3 adelante la 5\u00aa edici\u00f3n del Congreso Nacional de Industrias Tecnol\u00f3gicas. M\u00e1s de 2000 docentes de todos los niveles, estudiantes de profesorados, investigadores, representantes de instituciones educativas y sectores de la industria participaron de las jornadas que reunieron disertaciones de especialistas nacionales e internacionales. Adem\u00e1s, m\u00e1s de 3000 personas visitaron la Expo Tecnol\u00f3gica. La convocatoria reafirm\u00f3 el compromiso de la gesti\u00f3n municipal del intendente Mart\u00edn Perez con la innovaci\u00f3n, la formaci\u00f3n y la defensa de la industria fueguina.<\/p>\n<p>En este sentido, el secretario de Gesti\u00f3n Ciudadana, Gonzalo Ferro, destac\u00f3 la amplia participaci\u00f3n de la comunidad en el Congreso, subrayando que el evento refleja la decisi\u00f3n pol\u00edtica de apostar a la innovaci\u00f3n, la formaci\u00f3n y las nuevas tecnolog\u00edas como herramientas de crecimiento y desarrollo.<\/p>\n<p>Con gran participaci\u00f3n de j\u00f3venes, docentes, estudiantes y familias enteras, se consolid\u00f3 un espacio de referencia que incluy\u00f3 tanto instancias de formaci\u00f3n con especialistas de distintas provincias como la exposici\u00f3n de procesos productivos y experiencias locales en \u00e1reas como la electr\u00f3nica, los hidrocarburos, la industria alimenticia, el software, la impresi\u00f3n 3D y la inteligencia artificial.<\/p>\n<p>\u201cEstamos cerrando un Congreso que nos permiti\u00f3 crear conocimiento, articular con expositores y acercar herramientas concretas para educadores, estudiantes y vecinos en general. La inteligencia artificial, la realidad virtual y los videojuegos son parte de un nuevo horizonte que debemos incorporar al aula y a la vida cotidiana\u201d, expres\u00f3 Ferro.<\/p>\n<p>El funcionario resalt\u00f3 que esta agenda forma parte de la planificaci\u00f3n estrat\u00e9gica del intendente Mart\u00edn P\u00e9rez, que entiende a la innovaci\u00f3n y a la tecnolog\u00eda como una pol\u00edtica de Estado. En ese marco, record\u00f3 avances municipales como los servicios de telemedicina, el chatbot automatizado de WhatsApp y la aplicaci\u00f3n digital para tr\u00e1mites y reclamos \u201cRGA ciudadana\u201d, herramientas que posicionan a R\u00edo Grande como pionera en la regi\u00f3n.<\/p>\n<p>Asimismo, m\u00e1s de 2000 participantes asistieron a las conferencias donde se abordaron ejes clave como educaci\u00f3n y soberan\u00eda tecnol\u00f3gica, innovaci\u00f3n pedag\u00f3gica, inteligencia artificial aplicada a la ense\u00f1anza, gamificaci\u00f3n, neuroeducaci\u00f3n y ciudadan\u00eda digital. Cada exposici\u00f3n gener\u00f3 un intercambio enriquecedor que destac\u00f3 la importancia de pensar la educaci\u00f3n en tiempos digitales y desde una mirada federal.<\/p>\n<p>La Expo Tecnol\u00f3gica fue otro de los hitos del Congreso, con la participaci\u00f3n de empresas, emprendedores e instituciones locales y nacionales. M\u00e1s de 3000 vecinos y vecinas recorrieron los stands y experiencias inmersivas. En esta edici\u00f3n tuvo un rol especialmente destacado la participaci\u00f3n del Centro de Actividades Alternativas para Personas con Discapacidad (CAAD), cuyos estudiantes se sumaron con gran entusiasmo a la muestra, interactuaron con las propuestas y exploraron las nuevas herramientas digitales. Tambi\u00e9n participaron alumnos y alumnas de 13 escuelas de la ciudad, quienes vivieron de cerca la innovaci\u00f3n tecnol\u00f3gica presentada.<\/p>\n<p>El Secretario agradeci\u00f3 a las empresas Total Energies, grupo Mirgor, Vitalcan, Grupo San Mart\u00edn, Nexo, concesionario Nissan TDF y concesionario DS. Adem\u00e1s, resalt\u00f3 al canal de streaming local \u201cUrvox\u201d por haber trasmitido todo el desarrollo del evento.<\/p>\n<p>Ferro tambi\u00e9n destac\u00f3 la importancia de pensar la innovaci\u00f3n como parte de la defensa del modelo industrial fueguino frente al escenario nacional: \u201cMientras desde Naci\u00f3n se plantea la apertura indiscriminada de importaciones y la quita de aranceles, nosotros proponemos una agenda positiva que defienda nuestra industria y trace un horizonte de futuro para todos y todas\u201d.<\/p>\n<p>Finalmente, convoc\u00f3 a la comunidad a seguir siendo parte de esta transformaci\u00f3n: \u201cEn R\u00edo Grande trabajamos con las infancias en sensibilizaci\u00f3n digital, con adultos mayores en inclusi\u00f3n digital y con los j\u00f3venes en la construcci\u00f3n del futuro. La educaci\u00f3n tecnol\u00f3gica nos integra y nos da herramientas para pertenecer\u201d.<\/p>\n<p>El Congreso IT de R\u00edo Grande cerr\u00f3 as\u00ed su quinta edici\u00f3n con un fuerte respaldo ciudadano y pol\u00edtico, consolid\u00e1ndose como un espacio nacional de debate y proyecci\u00f3n de la innovaci\u00f3n como motor del desarrollo.<\/p>\n<p><img loading=\"lazy\" decoding=\"async\" class=\"alignnone size-medium wp-image-49947\" src=\"https:\/\/hablemosclarotdf.com.ar\/wp-content\/uploads\/2025\/09\/photo_2025-09-08_10-34-54-300x200.jpg\" alt=\"\" width=\"300\" height=\"200\" srcset=\"https:\/\/hablemosclarotdf.com.ar\/wp-content\/uploads\/2025\/09\/photo_2025-09-08_10-34-54-300x200.jpg 300w, https:\/\/hablemosclarotdf.com.ar\/wp-content\/uploads\/2025\/09\/photo_2025-09-08_10-34-54-1024x682.jpg 1024w, https:\/\/hablemosclarotdf.com.ar\/wp-content\/uploads\/2025\/09\/photo_2025-09-08_10-34-54-768x512.jpg 768w, https:\/\/hablemosclarotdf.com.ar\/wp-content\/uploads\/2025\/09\/photo_2025-09-08_10-34-54.jpg 1280w\" sizes=\"auto, (max-width: 300px) 100vw, 300px\" \/> <img loading=\"lazy\" decoding=\"async\" class=\"alignnone size-medium wp-image-49948\" src=\"https:\/\/hablemosclarotdf.com.ar\/wp-content\/uploads\/2025\/09\/photo_2025-09-08_10-35-07-300x200.jpg\" alt=\"\" width=\"300\" height=\"200\" srcset=\"https:\/\/hablemosclarotdf.com.ar\/wp-content\/uploads\/2025\/09\/photo_2025-09-08_10-35-07-300x200.jpg 300w, https:\/\/hablemosclarotdf.com.ar\/wp-content\/uploads\/2025\/09\/photo_2025-09-08_10-35-07-1024x682.jpg 1024w, https:\/\/hablemosclarotdf.com.ar\/wp-content\/uploads\/2025\/09\/photo_2025-09-08_10-35-07-768x512.jpg 768w, https:\/\/hablemosclarotdf.com.ar\/wp-content\/uploads\/2025\/09\/photo_2025-09-08_10-35-07.jpg 1280w\" sizes=\"auto, (max-width: 300px) 100vw, 300px\" \/> <img loading=\"lazy\" decoding=\"async\" class=\"alignnone size-medium wp-image-49949\" src=\"https:\/\/hablemosclarotdf.com.ar\/wp-content\/uploads\/2025\/09\/photo_2025-09-08_10-35-03-300x200.jpg\" alt=\"\" width=\"300\" height=\"200\" srcset=\"https:\/\/hablemosclarotdf.com.ar\/wp-content\/uploads\/2025\/09\/photo_2025-09-08_10-35-03-300x200.jpg 300w, https:\/\/hablemosclarotdf.com.ar\/wp-content\/uploads\/2025\/09\/photo_2025-09-08_10-35-03-1024x682.jpg 1024w, https:\/\/hablemosclarotdf.com.ar\/wp-content\/uploads\/2025\/09\/photo_2025-09-08_10-35-03-768x512.jpg 768w, https:\/\/hablemosclarotdf.com.ar\/wp-content\/uploads\/2025\/09\/photo_2025-09-08_10-35-03.jpg 1280w\" sizes=\"auto, (max-width: 300px) 100vw, 300px\" \/> <img loading=\"lazy\" decoding=\"async\" class=\"alignnone size-medium wp-image-49950\" src=\"https:\/\/hablemosclarotdf.com.ar\/wp-content\/uploads\/2025\/09\/photo_2025-09-08_10-35-12-300x200.jpg\" alt=\"\" width=\"300\" height=\"200\" srcset=\"https:\/\/hablemosclarotdf.com.ar\/wp-content\/uploads\/2025\/09\/photo_2025-09-08_10-35-12-300x200.jpg 300w, https:\/\/hablemosclarotdf.com.ar\/wp-content\/uploads\/2025\/09\/photo_2025-09-08_10-35-12-1024x682.jpg 1024w, https:\/\/hablemosclarotdf.com.ar\/wp-content\/uploads\/2025\/09\/photo_2025-09-08_10-35-12-768x512.jpg 768w, https:\/\/hablemosclarotdf.com.ar\/wp-content\/uploads\/2025\/09\/photo_2025-09-08_10-35-12.jpg 1280w\" sizes=\"auto, (max-width: 300px) 100vw, 300px\" \/> <img loading=\"lazy\" decoding=\"async\" class=\"alignnone size-medium wp-image-49951\" src=\"https:\/\/hablemosclarotdf.com.ar\/wp-content\/uploads\/2025\/09\/photo_2025-09-08_10-35-16-300x200.jpg\" alt=\"\" width=\"300\" height=\"200\" srcset=\"https:\/\/hablemosclarotdf.com.ar\/wp-content\/uploads\/2025\/09\/photo_2025-09-08_10-35-16-300x200.jpg 300w, https:\/\/hablemosclarotdf.com.ar\/wp-content\/uploads\/2025\/09\/photo_2025-09-08_10-35-16-1024x682.jpg 1024w, https:\/\/hablemosclarotdf.com.ar\/wp-content\/uploads\/2025\/09\/photo_2025-09-08_10-35-16-768x512.jpg 768w, https:\/\/hablemosclarotdf.com.ar\/wp-content\/uploads\/2025\/09\/photo_2025-09-08_10-35-16.jpg 1280w\" sizes=\"auto, (max-width: 300px) 100vw, 300px\" \/> <img loading=\"lazy\" decoding=\"async\" class=\"alignnone size-medium wp-image-49952\" src=\"https:\/\/hablemosclarotdf.com.ar\/wp-content\/uploads\/2025\/09\/photo_2025-09-08_10-35-25-300x200.jpg\" alt=\"\" width=\"300\" height=\"200\" srcset=\"https:\/\/hablemosclarotdf.com.ar\/wp-content\/uploads\/2025\/09\/photo_2025-09-08_10-35-25-300x200.jpg 300w, https:\/\/hablemosclarotdf.com.ar\/wp-content\/uploads\/2025\/09\/photo_2025-09-08_10-35-25-1024x682.jpg 1024w, https:\/\/hablemosclarotdf.com.ar\/wp-content\/uploads\/2025\/09\/photo_2025-09-08_10-35-25-768x512.jpg 768w, https:\/\/hablemosclarotdf.com.ar\/wp-content\/uploads\/2025\/09\/photo_2025-09-08_10-35-25.jpg 1280w\" sizes=\"auto, (max-width: 300px) 100vw, 300px\" \/> <img loading=\"lazy\" decoding=\"async\" class=\"alignnone size-medium wp-image-49953\" src=\"https:\/\/hablemosclarotdf.com.ar\/wp-content\/uploads\/2025\/09\/photo_2025-09-08_10-35-30-300x200.jpg\" alt=\"\" width=\"300\" height=\"200\" srcset=\"https:\/\/hablemosclarotdf.com.ar\/wp-content\/uploads\/2025\/09\/photo_2025-09-08_10-35-30-300x200.jpg 300w, https:\/\/hablemosclarotdf.com.ar\/wp-content\/uploads\/2025\/09\/photo_2025-09-08_10-35-30-1024x682.jpg 1024w, https:\/\/hablemosclarotdf.com.ar\/wp-content\/uploads\/2025\/09\/photo_2025-09-08_10-35-30-768x512.jpg 768w, https:\/\/hablemosclarotdf.com.ar\/wp-content\/uploads\/2025\/09\/photo_2025-09-08_10-35-30.jpg 1280w\" sizes=\"auto, (max-width: 300px) 100vw, 300px\" \/> <img loading=\"lazy\" decoding=\"async\" class=\"alignnone size-medium wp-image-49954\" src=\"https:\/\/hablemosclarotdf.com.ar\/wp-content\/uploads\/2025\/09\/photo_2025-09-08_10-35-35-300x200.jpg\" alt=\"\" width=\"300\" height=\"200\" srcset=\"https:\/\/hablemosclarotdf.com.ar\/wp-content\/uploads\/2025\/09\/photo_2025-09-08_10-35-35-300x200.jpg 300w, https:\/\/hablemosclarotdf.com.ar\/wp-content\/uploads\/2025\/09\/photo_2025-09-08_10-35-35-1024x682.jpg 1024w, https:\/\/hablemosclarotdf.com.ar\/wp-content\/uploads\/2025\/09\/photo_2025-09-08_10-35-35-768x512.jpg 768w, https:\/\/hablemosclarotdf.com.ar\/wp-content\/uploads\/2025\/09\/photo_2025-09-08_10-35-35.jpg 1280w\" sizes=\"auto, (max-width: 300px) 100vw, 300px\" \/><\/p>\n","protected":false},"excerpt":{"rendered":"<p>En R\u00edo Grande se llev\u00f3 adelante la 5\u00aa edici\u00f3n del Congreso Nacional de Industrias Tecnol\u00f3gicas&#8230;.<\/p>\n","protected":false},"author":1,"featured_media":49946,"comment_status":"closed","ping_status":"closed","sticky":false,"template":"","format":"standard","meta":{"footnotes":""},"categories":[3],"tags":[],"class_list":["post-49945","post","type-post","status-publish","format-standard","has-post-thumbnail","hentry","category-noticias"],"jetpack_featured_media_url":"https:\/\/hablemosclarotdf.com.ar\/wp-content\/uploads\/2025\/09\/photo_2025-09-08_10-34-45.jpg","_links":{"self":[{"href":"https:\/\/hablemosclarotdf.com.ar\/index.php?rest_route=\/wp\/v2\/posts\/49945","targetHints":{"allow":["GET"]}}],"collection":[{"href":"https:\/\/hablemosclarotdf.com.ar\/index.php?rest_route=\/wp\/v2\/posts"}],"about":[{"href":"https:\/\/hablemosclarotdf.com.ar\/index.php?rest_route=\/wp\/v2\/types\/post"}],"author":[{"embeddable":true,"href":"https:\/\/hablemosclarotdf.com.ar\/index.php?rest_route=\/wp\/v2\/users\/1"}],"replies":[{"embeddable":true,"href":"https:\/\/hablemosclarotdf.com.ar\/index.php?rest_route=%2Fwp%2Fv2%2Fcomments&post=49945"}],"version-history":[{"count":1,"href":"https:\/\/hablemosclarotdf.com.ar\/index.php?rest_route=\/wp\/v2\/posts\/49945\/revisions"}],"predecessor-version":[{"id":49955,"href":"https:\/\/hablemosclarotdf.com.ar\/index.php?rest_route=\/wp\/v2\/posts\/49945\/revisions\/49955"}],"wp:featuredmedia":[{"embeddable":true,"href":"https:\/\/hablemosclarotdf.com.ar\/index.php?rest_route=\/wp\/v2\/media\/49946"}],"wp:attachment":[{"href":"https:\/\/hablemosclarotdf.com.ar\/index.php?rest_route=%2Fwp%2Fv2%2Fmedia&parent=49945"}],"wp:term":[{"taxonomy":"category","embeddable":true,"href":"https:\/\/hablemosclarotdf.com.ar\/index.php?rest_route=%2Fwp%2Fv2%2Fcategories&post=49945"},{"taxonomy":"post_tag","embeddable":true,"href":"https:\/\/hablemosclarotdf.com.ar\/index.php?rest_route=%2Fwp%2Fv2%2Ftags&post=49945"}],"curies":[{"name":"wp","href":"https:\/\/api.w.org\/{rel}","templated":true}]}}