{"id":49938,"date":"2025-09-08T09:37:58","date_gmt":"2025-09-08T12:37:58","guid":{"rendered":"https:\/\/hablemosclarotdf.com.ar\/?p=49938"},"modified":"2025-09-08T09:37:58","modified_gmt":"2025-09-08T12:37:58","slug":"rio-grande-el-3-congreso-internacional-de-prevencion-de-suicidio-llegara-a-ushuaia","status":"publish","type":"post","link":"https:\/\/hablemosclarotdf.com.ar\/?p=49938","title":{"rendered":"RIO GRANDE : EL 3\u00b0 CONGRESO INTERNACIONAL DE PREVENCI\u00d3N DE SUICIDIO LLEGAR\u00c1 A USHUAIA"},"content":{"rendered":"<p>El Municipio de R\u00edo Grande, junto a la Asociaci\u00f3n de Psiquiatras de Am\u00e9rica Latina (APAL) y la Asociaci\u00f3n de Psiquiatras de Argentina (APSA), invitan a participar del III Congreso Internacional de Prevenci\u00f3n de Suicidio que tendr\u00e1 lugar el pr\u00f3ximo 19 de septiembre en la ciudad de Ushuaia, en el Sal\u00f3n Milenium del Hotel Las Hayas. Su llegada a la capital fueguina refleja el compromiso de la gesti\u00f3n del intendente Mart\u00edn Perez con la construcci\u00f3n de espacios de reflexi\u00f3n y formaci\u00f3n para el abordaje integral y comunitario de las problem\u00e1ticas psicosociales.<\/p>\n<p>Su realizaci\u00f3n -auspiciada por la Cl\u00ednica San Jorge y la Defensor\u00eda de la Naci\u00f3n- contar\u00e1 con la presencia de reconocidos profesionales nacionales e internacionales. Est\u00e1 dirigido a profesionales de la salud y la salud mental, comunidad educativa, asociaciones civiles, fuerzas de seguridad, medios de comunicaci\u00f3n, referentes deportivos y a la comunidad en general, con el objetivo de brindar herramientas para la prevenci\u00f3n y el acompa\u00f1amiento.<\/p>\n<p>Cabe destacar que este encuentro es la continuaci\u00f3n del Congreso que se realizar\u00e1 en la ciudad de R\u00edo Grande los d\u00edas 17 y 18 de septiembre, enmarcado en el Mes de la Prevenci\u00f3n del Suicidio.<\/p>\n<p>Esta instancia reafirma el compromiso del Municipio de R\u00edo Grande y de la gesti\u00f3n del intendente Mart\u00edn Perez con la construcci\u00f3n de espacios de reflexi\u00f3n y formaci\u00f3n en toda la provincia, fortaleciendo el abordaje integral de las problem\u00e1ticas psicosociales.<\/p>\n<p>Las y los interesados en participar deber\u00e1n inscribirse previamente a trav\u00e9s del link: https:\/\/bit.ly\/47iEtMn.<\/p>\n<p>El Congreso se realizar\u00e1 el d\u00eda 19 de septiembre en el Sal\u00f3n Milenium del Hotel Las Hayas. La acreditaci\u00f3n ser\u00e1 de 13:30 a 14:00, y de 14:00 a 14:30 se desarrollar\u00e1 la apertura con el Dr. Jos\u00e9 Bongiovanni (abogado penalista, Defensor P\u00fablico Federal), el Dr. Agust\u00edn Perez (m\u00e9dico psiquiatra, Subsecretario de Salud de R\u00edo Grande, miembro de APSA) y la Dra. Cora Luguercho (M\u00e9dica psiquiatra, Secretaria General de APAL)<\/p>\n<p>De 14:30 a 15:00 la Dra. Luguercho expondr\u00e1 \u201cSalud Mental y Pol\u00edticas P\u00fablicas\u201d, mientras que de 15:00 a 15:30 el Dr. Paulo Amarante, psiquiatra y doctor en Salud P\u00fablica de la Universidad Federal de R\u00edo de Janeiro con posdoctorado en Italia, disertar\u00e1 sobre \u201cAbordaje Psicosocial de los Padecimientos Subjetivos\u201d.<\/p>\n<p>De 15:30 a 16:15 el Dr. Demian Rodante, vicepresidente del Cap\u00edtulo de Suicidolog\u00eda de APSA y jefe de Psiquiatr\u00eda del Hospital Moyano, abordar\u00e1 \u201cEvaluaci\u00f3n y Manejo del Riesgo Suicida\u201d. Luego habr\u00e1 un receso de 16:15 a 16:30.<\/p>\n<p>La jornada continuar\u00e1 de 16:30 a 17:00 con la Dra. Sandra Romano Fuzul, psiquiatra y Secretaria Regional Cono Sur de APAL, quien presentar\u00e1 \u201cSalud Mental, Violencias y Suicidio\u201d. Seguidamente, de 17:00 a 17:30, la Dra. Cecilia Garc\u00eda, especialista en Psiquiatr\u00eda y Medicina Legal y presidenta del Cap\u00edtulo de Juego Patol\u00f3gico de APSA, expondr\u00e1 \u201cJuegos y Apuestas Online. Adicciones Conductuales\u201d. Finalmente, de 17:30 a 18:00, el Dr. Agust\u00edn Perez junto a la Lic. Andrea Manavela desarrollar\u00e1n \u201cEpidemiolog\u00eda y Pol\u00edticas de Prevenci\u00f3n\u201d.<\/p>\n<p>Desde el Municipio de R\u00edo Grande se reivindica la importancia del abordaje y cuidado de la salud mental desde una perspectiva social y comunitaria, afianzando la construcci\u00f3n de redes de apoyo y acompa\u00f1amiento ante situaciones psicosociales complejas, reafirmando as\u00ed el compromiso de seguir fortaleciendo pol\u00edticas p\u00fablicas que prioricen el bienestar integral de la comunidad fueguina.<\/p>\n<p><img loading=\"lazy\" decoding=\"async\" class=\"alignnone size-medium wp-image-49940\" src=\"https:\/\/hablemosclarotdf.com.ar\/wp-content\/uploads\/2025\/09\/photo_2025-09-08_09-37-10-300x184.jpg\" alt=\"\" width=\"300\" height=\"184\" srcset=\"https:\/\/hablemosclarotdf.com.ar\/wp-content\/uploads\/2025\/09\/photo_2025-09-08_09-37-10-300x184.jpg 300w, https:\/\/hablemosclarotdf.com.ar\/wp-content\/uploads\/2025\/09\/photo_2025-09-08_09-37-10.jpg 720w\" sizes=\"auto, (max-width: 300px) 100vw, 300px\" \/><\/p>\n","protected":false},"excerpt":{"rendered":"<p>El Municipio de R\u00edo Grande, junto a la Asociaci\u00f3n de Psiquiatras de Am\u00e9rica Latina (APAL)&#8230;<\/p>\n","protected":false},"author":1,"featured_media":49939,"comment_status":"closed","ping_status":"closed","sticky":false,"template":"","format":"standard","meta":{"footnotes":""},"categories":[3],"tags":[],"class_list":["post-49938","post","type-post","status-publish","format-standard","has-post-thumbnail","hentry","category-noticias"],"jetpack_featured_media_url":"https:\/\/hablemosclarotdf.com.ar\/wp-content\/uploads\/2025\/09\/photo_2025-09-08_09-37-01.jpg","_links":{"self":[{"href":"https:\/\/hablemosclarotdf.com.ar\/index.php?rest_route=\/wp\/v2\/posts\/49938","targetHints":{"allow":["GET"]}}],"collection":[{"href":"https:\/\/hablemosclarotdf.com.ar\/index.php?rest_route=\/wp\/v2\/posts"}],"about":[{"href":"https:\/\/hablemosclarotdf.com.ar\/index.php?rest_route=\/wp\/v2\/types\/post"}],"author":[{"embeddable":true,"href":"https:\/\/hablemosclarotdf.com.ar\/index.php?rest_route=\/wp\/v2\/users\/1"}],"replies":[{"embeddable":true,"href":"https:\/\/hablemosclarotdf.com.ar\/index.php?rest_route=%2Fwp%2Fv2%2Fcomments&post=49938"}],"version-history":[{"count":1,"href":"https:\/\/hablemosclarotdf.com.ar\/index.php?rest_route=\/wp\/v2\/posts\/49938\/revisions"}],"predecessor-version":[{"id":49941,"href":"https:\/\/hablemosclarotdf.com.ar\/index.php?rest_route=\/wp\/v2\/posts\/49938\/revisions\/49941"}],"wp:featuredmedia":[{"embeddable":true,"href":"https:\/\/hablemosclarotdf.com.ar\/index.php?rest_route=\/wp\/v2\/media\/49939"}],"wp:attachment":[{"href":"https:\/\/hablemosclarotdf.com.ar\/index.php?rest_route=%2Fwp%2Fv2%2Fmedia&parent=49938"}],"wp:term":[{"taxonomy":"category","embeddable":true,"href":"https:\/\/hablemosclarotdf.com.ar\/index.php?rest_route=%2Fwp%2Fv2%2Fcategories&post=49938"},{"taxonomy":"post_tag","embeddable":true,"href":"https:\/\/hablemosclarotdf.com.ar\/index.php?rest_route=%2Fwp%2Fv2%2Ftags&post=49938"}],"curies":[{"name":"wp","href":"https:\/\/api.w.org\/{rel}","templated":true}]}}