{"id":49899,"date":"2025-09-07T17:50:15","date_gmt":"2025-09-07T20:50:15","guid":{"rendered":"https:\/\/hablemosclarotdf.com.ar\/?p=49899"},"modified":"2025-09-07T17:50:15","modified_gmt":"2025-09-07T20:50:15","slug":"estudiantes-de-rio-grande-participan-del-concurso-de-cadena-3-argentina-suenos-de-radio","status":"publish","type":"post","link":"https:\/\/hablemosclarotdf.com.ar\/?p=49899","title":{"rendered":"ESTUDIANTES DE R\u00cdO GRANDE PARTICIPAN DEL CONCURSO DE CADENA 3 ARGENTINA \u201cSUE\u00d1OS DE RADIO\u201d"},"content":{"rendered":"<p>Estudiantes de 3\u00b0 a\u00f1o del Colegio Secundario Polit\u00e9cnico \u201cMalvinas Argentinas\u201d de la ciudad de R\u00edo Grande participan de la 2da Edici\u00f3n del Concurso \u201cSue\u00f1os de Radio\u201d de Cadena 3 Argentina.<\/p>\n<p>El certamen promueve la creatividad, el aprendizaje y la participaci\u00f3n activa de estudiantes secundarios de escuelas p\u00fablicas y privadas de todo el pa\u00eds, a trav\u00e9s de la elaboraci\u00f3n de programas de radio, con cuatro categor\u00edas: turismo, ambiente, tecnolog\u00eda y campo.<\/p>\n<p>El demo fueguino denominado \u201cRecuerdos del Fuego\u201d estuvo enmarcado en la categor\u00eda de Turismo, a trav\u00e9s de la docente Gisela, quien coment\u00f3 que \u201cpusimos valor en la Vigilia del 2 de abril, donde participaron tambi\u00e9n los Veteranos de Guerra, quienes pusieron su voz y testimonio\u201d.<\/p>\n<p>\u201cEstamos agradecidos y contentos con todo el material, destacando el compromiso de las juventudes que se animaron y generaron con su creatividad y compromiso, este resultado que nos enorgullece\u201d, agreg\u00f3.<\/p>\n<p>Cabe se\u00f1alar que a mediados de setiembre se anunciar\u00e1n los ganadores y menciones de honor del certamen, uno por categor\u00eda, a quienes se les entregar\u00e1n radios digitales completas para sus establecimientos.<\/p>\n<p>Algunos de los estudiantes que participaron del proyecto fueron Alex Obando, Tiziano Turra y Nubia Segobia, quienes comentaron por qu\u00e9 decidieron presentarse a la propuesta.<\/p>\n<p>\u201cYo particip\u00e9 en la vigilia con la academia de baile a la que asisto y vi a toda la gente llorando, emocionada. Cuando la profesora dijo que quer\u00eda hacer este demo sent\u00ed ganas de hacerlo, porque pude vivir el sentimiento de la gente\u201d, coment\u00f3 Tiziano, a lo que su compa\u00f1ero Alex a\u00f1adi\u00f3 que \u201cme interes\u00f3 porque era la oportunidad para que todo el pa\u00eds conozca por qu\u00e9 somos la capital nacional del 2 de abril, y todo lo que sentimos los riograndenses cada vez que nos juntamos en esa fecha tan importante, conmemorando a aquellos que dieron su vida en ese momento\u201d.<br \/>\n\u201cQueremos que el resto de los j\u00f3venes del pa\u00eds puedan conocer m\u00e1s sobre esto, c\u00f3mo vivimos la vigilia en R\u00edo Grande\u201d, agreg\u00f3 Nubia.<\/p>\n<p>Asimismo, los docentes contaron con mesas de ayuda coordinadas por periodistas de la radio Cadena 3 y las y los estudiantes tuvieron tutoriales iniciales para que conozcan c\u00f3mo realizar un programa de radio con los medios tecnol\u00f3gicos que disponen, c\u00f3mo editar los contenidos y c\u00f3mo se dividen los roles de los participantes de cada proyecto, entre otros.<\/p>\n<p>La iniciativa tambi\u00e9n cuenta con el apoyo institucional de la Universidad Nacional de C\u00f3rdoba, del Centro de Implementaci\u00f3n de Pol\u00edticas P\u00fablicas para la Equidad y el Crecimiento (CIPPEC), de Red de Innovaci\u00f3n Local (RIL) y de los Consorcios Regionales de Experimentaci\u00f3n Agr\u00edcola (CREA).<\/p>\n<p><img loading=\"lazy\" decoding=\"async\" class=\"alignnone size-medium wp-image-49901\" src=\"https:\/\/hablemosclarotdf.com.ar\/wp-content\/uploads\/2025\/09\/photo_2025-09-07_17-49-07-300x200.jpg\" alt=\"\" width=\"300\" height=\"200\" srcset=\"https:\/\/hablemosclarotdf.com.ar\/wp-content\/uploads\/2025\/09\/photo_2025-09-07_17-49-07-300x200.jpg 300w, https:\/\/hablemosclarotdf.com.ar\/wp-content\/uploads\/2025\/09\/photo_2025-09-07_17-49-07-1024x682.jpg 1024w, https:\/\/hablemosclarotdf.com.ar\/wp-content\/uploads\/2025\/09\/photo_2025-09-07_17-49-07-768x511.jpg 768w, https:\/\/hablemosclarotdf.com.ar\/wp-content\/uploads\/2025\/09\/photo_2025-09-07_17-49-07.jpg 1280w\" sizes=\"auto, (max-width: 300px) 100vw, 300px\" \/> <img loading=\"lazy\" decoding=\"async\" class=\"alignnone size-medium wp-image-49902\" src=\"https:\/\/hablemosclarotdf.com.ar\/wp-content\/uploads\/2025\/09\/photo_2025-09-07_17-49-11-300x200.jpg\" alt=\"\" width=\"300\" height=\"200\" srcset=\"https:\/\/hablemosclarotdf.com.ar\/wp-content\/uploads\/2025\/09\/photo_2025-09-07_17-49-11-300x200.jpg 300w, https:\/\/hablemosclarotdf.com.ar\/wp-content\/uploads\/2025\/09\/photo_2025-09-07_17-49-11-1024x682.jpg 1024w, https:\/\/hablemosclarotdf.com.ar\/wp-content\/uploads\/2025\/09\/photo_2025-09-07_17-49-11-768x511.jpg 768w, https:\/\/hablemosclarotdf.com.ar\/wp-content\/uploads\/2025\/09\/photo_2025-09-07_17-49-11.jpg 1280w\" sizes=\"auto, (max-width: 300px) 100vw, 300px\" \/><\/p>\n","protected":false},"excerpt":{"rendered":"<p>Estudiantes de 3\u00b0 a\u00f1o del Colegio Secundario Polit\u00e9cnico \u201cMalvinas Argentinas\u201d de la ciudad de R\u00edo&#8230;<\/p>\n","protected":false},"author":1,"featured_media":49900,"comment_status":"closed","ping_status":"closed","sticky":false,"template":"","format":"standard","meta":{"footnotes":""},"categories":[3],"tags":[],"class_list":["post-49899","post","type-post","status-publish","format-standard","has-post-thumbnail","hentry","category-noticias"],"jetpack_featured_media_url":"https:\/\/hablemosclarotdf.com.ar\/wp-content\/uploads\/2025\/09\/photo_2025-09-07_17-49-02.jpg","_links":{"self":[{"href":"https:\/\/hablemosclarotdf.com.ar\/index.php?rest_route=\/wp\/v2\/posts\/49899","targetHints":{"allow":["GET"]}}],"collection":[{"href":"https:\/\/hablemosclarotdf.com.ar\/index.php?rest_route=\/wp\/v2\/posts"}],"about":[{"href":"https:\/\/hablemosclarotdf.com.ar\/index.php?rest_route=\/wp\/v2\/types\/post"}],"author":[{"embeddable":true,"href":"https:\/\/hablemosclarotdf.com.ar\/index.php?rest_route=\/wp\/v2\/users\/1"}],"replies":[{"embeddable":true,"href":"https:\/\/hablemosclarotdf.com.ar\/index.php?rest_route=%2Fwp%2Fv2%2Fcomments&post=49899"}],"version-history":[{"count":1,"href":"https:\/\/hablemosclarotdf.com.ar\/index.php?rest_route=\/wp\/v2\/posts\/49899\/revisions"}],"predecessor-version":[{"id":49903,"href":"https:\/\/hablemosclarotdf.com.ar\/index.php?rest_route=\/wp\/v2\/posts\/49899\/revisions\/49903"}],"wp:featuredmedia":[{"embeddable":true,"href":"https:\/\/hablemosclarotdf.com.ar\/index.php?rest_route=\/wp\/v2\/media\/49900"}],"wp:attachment":[{"href":"https:\/\/hablemosclarotdf.com.ar\/index.php?rest_route=%2Fwp%2Fv2%2Fmedia&parent=49899"}],"wp:term":[{"taxonomy":"category","embeddable":true,"href":"https:\/\/hablemosclarotdf.com.ar\/index.php?rest_route=%2Fwp%2Fv2%2Fcategories&post=49899"},{"taxonomy":"post_tag","embeddable":true,"href":"https:\/\/hablemosclarotdf.com.ar\/index.php?rest_route=%2Fwp%2Fv2%2Ftags&post=49899"}],"curies":[{"name":"wp","href":"https:\/\/api.w.org\/{rel}","templated":true}]}}