{"id":49862,"date":"2025-09-07T14:51:25","date_gmt":"2025-09-07T17:51:25","guid":{"rendered":"https:\/\/hablemosclarotdf.com.ar\/?p=49862"},"modified":"2025-09-07T14:51:25","modified_gmt":"2025-09-07T17:51:25","slug":"economia-azul-tierra-del-fuego-fue-seleccionada-para-integrar-una-red-internacional-de-cooperacion","status":"publish","type":"post","link":"https:\/\/hablemosclarotdf.com.ar\/?p=49862","title":{"rendered":"ECONOM\u00cdA AZUL: TIERRA DEL FUEGO FUE SELECCIONADA PARA INTEGRAR UNA RED INTERNACIONAL DE COOPERACI\u00d3N"},"content":{"rendered":"<p>La provincia de Tierra del Fuego, Ant\u00e1rtida e Islas del Atl\u00e1ntico Sur fue elegida para participar del International Urban and Regional Cooperation (IURC), una iniciativa de la Uni\u00f3n Europea que re\u00fane a regiones de Europa, Am\u00e9rica Latina y Asia-Pac\u00edfico para trabajar en proyectos de desarrollo sostenible e innovaci\u00f3n.<\/p>\n<p>Esta selecci\u00f3n representa un reconocimiento internacional al camino que viene transitando Tierra del Fuego en materia de pol\u00edticas vinculadas al mar, la innovaci\u00f3n tecnol\u00f3gica y la sostenibilidad. A partir de esta incorporaci\u00f3n, la provincia integrar\u00e1 el Cl\u00faster Tem\u00e1tico de Econom\u00eda Azul 2025-2027, lo que permitir\u00e1 fortalecer la planificaci\u00f3n costera, vinculaci\u00f3n al mar e integrar la innovaci\u00f3n tecnol\u00f3gica a nuestras capacidades institucionales, proyectando as\u00ed un modelo de desarrollo sostenible con identidad fueguina.<\/p>\n<p>Al respecto, el secretario de Malvinas, Ant\u00e1rtida, Islas del Atl\u00e1ntico Sur y Asuntos Internacionales, Andr\u00e9s Dachary, se\u00f1al\u00f3 que \u201cformar parte nuevamente de este programa nos permite insertar a Tierra del Fuego en una red de cooperaci\u00f3n global, afianzando v\u00ednculos con regiones europeas e impulsando nuevas oportunidades para el desarrollo mar\u00edtimo fueguino en t\u00e9rminos econ\u00f3micos, ambientales y cient\u00edficos\u201d.<\/p>\n<p>La participaci\u00f3n en el IURC no solo significa reconocimiento, sino tambi\u00e9n proyecci\u00f3n. A partir de ahora, Tierra del Fuego se prepara para acceder a programas de capacitaci\u00f3n, asistencia t\u00e9cnica, seminarios internacionales y plataformas de intercambio que potenciar\u00e1n nuestras pol\u00edticas en materia de econom\u00eda azul y sostenibilidad oce\u00e1nica. Con esta selecci\u00f3n, Tierra del Fuego consolida una proyecci\u00f3n estrat\u00e9gica que trasciende sus fronteras y la posiciona como un actor activo en la agenda global de cooperaci\u00f3n.<\/p>\n","protected":false},"excerpt":{"rendered":"<p>La provincia de Tierra del Fuego, Ant\u00e1rtida e Islas del Atl\u00e1ntico Sur fue elegida para&#8230;<\/p>\n","protected":false},"author":1,"featured_media":49863,"comment_status":"closed","ping_status":"closed","sticky":false,"template":"","format":"standard","meta":{"footnotes":""},"categories":[3],"tags":[],"class_list":["post-49862","post","type-post","status-publish","format-standard","has-post-thumbnail","hentry","category-noticias"],"jetpack_featured_media_url":"https:\/\/hablemosclarotdf.com.ar\/wp-content\/uploads\/2025\/09\/photo_2025-09-07_14-50-40.jpg","_links":{"self":[{"href":"https:\/\/hablemosclarotdf.com.ar\/index.php?rest_route=\/wp\/v2\/posts\/49862","targetHints":{"allow":["GET"]}}],"collection":[{"href":"https:\/\/hablemosclarotdf.com.ar\/index.php?rest_route=\/wp\/v2\/posts"}],"about":[{"href":"https:\/\/hablemosclarotdf.com.ar\/index.php?rest_route=\/wp\/v2\/types\/post"}],"author":[{"embeddable":true,"href":"https:\/\/hablemosclarotdf.com.ar\/index.php?rest_route=\/wp\/v2\/users\/1"}],"replies":[{"embeddable":true,"href":"https:\/\/hablemosclarotdf.com.ar\/index.php?rest_route=%2Fwp%2Fv2%2Fcomments&post=49862"}],"version-history":[{"count":1,"href":"https:\/\/hablemosclarotdf.com.ar\/index.php?rest_route=\/wp\/v2\/posts\/49862\/revisions"}],"predecessor-version":[{"id":49864,"href":"https:\/\/hablemosclarotdf.com.ar\/index.php?rest_route=\/wp\/v2\/posts\/49862\/revisions\/49864"}],"wp:featuredmedia":[{"embeddable":true,"href":"https:\/\/hablemosclarotdf.com.ar\/index.php?rest_route=\/wp\/v2\/media\/49863"}],"wp:attachment":[{"href":"https:\/\/hablemosclarotdf.com.ar\/index.php?rest_route=%2Fwp%2Fv2%2Fmedia&parent=49862"}],"wp:term":[{"taxonomy":"category","embeddable":true,"href":"https:\/\/hablemosclarotdf.com.ar\/index.php?rest_route=%2Fwp%2Fv2%2Fcategories&post=49862"},{"taxonomy":"post_tag","embeddable":true,"href":"https:\/\/hablemosclarotdf.com.ar\/index.php?rest_route=%2Fwp%2Fv2%2Ftags&post=49862"}],"curies":[{"name":"wp","href":"https:\/\/api.w.org\/{rel}","templated":true}]}}