{"id":49837,"date":"2025-09-07T14:20:35","date_gmt":"2025-09-07T17:20:35","guid":{"rendered":"https:\/\/hablemosclarotdf.com.ar\/?p=49837"},"modified":"2025-09-07T14:38:45","modified_gmt":"2025-09-07T17:38:45","slug":"rio-grande-la-municipalidad-invita-a-participar-de-la-expo-feria-del-mes-de-la-primavera-en-el-gimnasio-del-colegio-don-bosco","status":"publish","type":"post","link":"https:\/\/hablemosclarotdf.com.ar\/?p=49837","title":{"rendered":"USHUAIA  : LA MUNICIPALIDAD INVITA A PARTICIPAR DE LA EXPO FERIA DEL MES DE LA PRIMAVERA EN EL GIMNASIO DEL COLEGIO DON BOSCO"},"content":{"rendered":"<p>La Municipalidad de Ushuaia, a trav\u00e9s de la Secretar\u00eda de Pol\u00edticas Sociales, Sanitarias y Derechos Humanos y la Secretar\u00eda de Econom\u00eda y Finanzas, invita a la comunidad a disfrutar de una nueva edici\u00f3n de la Expo Emprendedores, en el marco de los festejos por el Mes de la Primavera.<br \/>\nEl encuentro se desarrollar\u00e1 el s\u00e1bado 13 y domingo 14 de septiembre, de 14 a 20 horas, en el Gimnasio del Colegio Don Bosco, con entrada libre y gratuita.<\/p>\n<p>Desde la Municipalidad destacaron que la propuesta tiene como objetivo fortalecer la econom\u00eda social y solidaria, y promover el consumo local, generando un espacio de encuentro, comercializaci\u00f3n y apoyo a quienes producen en la ciudad.<\/p>\n<p>Preinscripciones:<br \/>\nhttps:\/\/inscripciones.website\/preinscripcion-de-feriantes-expo-feria-y-mercado-concentrador\/<\/p>\n","protected":false},"excerpt":{"rendered":"<p>La Municipalidad de Ushuaia, a trav\u00e9s de la Secretar\u00eda de Pol\u00edticas Sociales, Sanitarias y Derechos&#8230;<\/p>\n","protected":false},"author":1,"featured_media":49838,"comment_status":"closed","ping_status":"closed","sticky":false,"template":"","format":"standard","meta":{"footnotes":""},"categories":[3],"tags":[],"class_list":["post-49837","post","type-post","status-publish","format-standard","has-post-thumbnail","hentry","category-noticias"],"jetpack_featured_media_url":"https:\/\/hablemosclarotdf.com.ar\/wp-content\/uploads\/2025\/09\/photo_2025-09-07_14-20-12.jpg","_links":{"self":[{"href":"https:\/\/hablemosclarotdf.com.ar\/index.php?rest_route=\/wp\/v2\/posts\/49837","targetHints":{"allow":["GET"]}}],"collection":[{"href":"https:\/\/hablemosclarotdf.com.ar\/index.php?rest_route=\/wp\/v2\/posts"}],"about":[{"href":"https:\/\/hablemosclarotdf.com.ar\/index.php?rest_route=\/wp\/v2\/types\/post"}],"author":[{"embeddable":true,"href":"https:\/\/hablemosclarotdf.com.ar\/index.php?rest_route=\/wp\/v2\/users\/1"}],"replies":[{"embeddable":true,"href":"https:\/\/hablemosclarotdf.com.ar\/index.php?rest_route=%2Fwp%2Fv2%2Fcomments&post=49837"}],"version-history":[{"count":3,"href":"https:\/\/hablemosclarotdf.com.ar\/index.php?rest_route=\/wp\/v2\/posts\/49837\/revisions"}],"predecessor-version":[{"id":49842,"href":"https:\/\/hablemosclarotdf.com.ar\/index.php?rest_route=\/wp\/v2\/posts\/49837\/revisions\/49842"}],"wp:featuredmedia":[{"embeddable":true,"href":"https:\/\/hablemosclarotdf.com.ar\/index.php?rest_route=\/wp\/v2\/media\/49838"}],"wp:attachment":[{"href":"https:\/\/hablemosclarotdf.com.ar\/index.php?rest_route=%2Fwp%2Fv2%2Fmedia&parent=49837"}],"wp:term":[{"taxonomy":"category","embeddable":true,"href":"https:\/\/hablemosclarotdf.com.ar\/index.php?rest_route=%2Fwp%2Fv2%2Fcategories&post=49837"},{"taxonomy":"post_tag","embeddable":true,"href":"https:\/\/hablemosclarotdf.com.ar\/index.php?rest_route=%2Fwp%2Fv2%2Ftags&post=49837"}],"curies":[{"name":"wp","href":"https:\/\/api.w.org\/{rel}","templated":true}]}}