{"id":49809,"date":"2025-09-06T20:12:37","date_gmt":"2025-09-06T23:12:37","guid":{"rendered":"https:\/\/hablemosclarotdf.com.ar\/?p=49809"},"modified":"2025-09-06T20:12:37","modified_gmt":"2025-09-06T23:12:37","slug":"rio-grande-condolencias-29","status":"publish","type":"post","link":"https:\/\/hablemosclarotdf.com.ar\/?p=49809","title":{"rendered":"RIO GRANDE : CONDOLENCIAS"},"content":{"rendered":"<p>El intendente Mart\u00edn Perez y el gabinete municipal expresan su profundo pesar por el fallecimiento del empresario Roberto Fraser, fundador de Transporte Fraser, recordado por su gran calidad humana y esp\u00edritu emprendedor.<\/p>\n<p>Durante m\u00e1s de tres d\u00e9cadas, Roberto Fraser supo construir un fuerte lazo comercial y social en nuestra ciudad, destac\u00e1ndose siempre por su sencillez, compromiso y por brindar soluciones con dedicaci\u00f3n y respeto.<\/p>\n<p>El Intendente y el gabinete municipal acompa\u00f1an en este doloroso momento a sus familiares y seres queridos, deseando que encuentren paz y consuelo ante tan irreparable p\u00e9rdida.<\/p>\n","protected":false},"excerpt":{"rendered":"<p>El intendente Mart\u00edn Perez y el gabinete municipal expresan su profundo pesar por el fallecimiento&#8230;<\/p>\n","protected":false},"author":1,"featured_media":49810,"comment_status":"closed","ping_status":"closed","sticky":false,"template":"","format":"standard","meta":{"footnotes":""},"categories":[3],"tags":[],"class_list":["post-49809","post","type-post","status-publish","format-standard","has-post-thumbnail","hentry","category-noticias"],"jetpack_featured_media_url":"https:\/\/hablemosclarotdf.com.ar\/wp-content\/uploads\/2025\/09\/download.jpg","_links":{"self":[{"href":"https:\/\/hablemosclarotdf.com.ar\/index.php?rest_route=\/wp\/v2\/posts\/49809","targetHints":{"allow":["GET"]}}],"collection":[{"href":"https:\/\/hablemosclarotdf.com.ar\/index.php?rest_route=\/wp\/v2\/posts"}],"about":[{"href":"https:\/\/hablemosclarotdf.com.ar\/index.php?rest_route=\/wp\/v2\/types\/post"}],"author":[{"embeddable":true,"href":"https:\/\/hablemosclarotdf.com.ar\/index.php?rest_route=\/wp\/v2\/users\/1"}],"replies":[{"embeddable":true,"href":"https:\/\/hablemosclarotdf.com.ar\/index.php?rest_route=%2Fwp%2Fv2%2Fcomments&post=49809"}],"version-history":[{"count":1,"href":"https:\/\/hablemosclarotdf.com.ar\/index.php?rest_route=\/wp\/v2\/posts\/49809\/revisions"}],"predecessor-version":[{"id":49811,"href":"https:\/\/hablemosclarotdf.com.ar\/index.php?rest_route=\/wp\/v2\/posts\/49809\/revisions\/49811"}],"wp:featuredmedia":[{"embeddable":true,"href":"https:\/\/hablemosclarotdf.com.ar\/index.php?rest_route=\/wp\/v2\/media\/49810"}],"wp:attachment":[{"href":"https:\/\/hablemosclarotdf.com.ar\/index.php?rest_route=%2Fwp%2Fv2%2Fmedia&parent=49809"}],"wp:term":[{"taxonomy":"category","embeddable":true,"href":"https:\/\/hablemosclarotdf.com.ar\/index.php?rest_route=%2Fwp%2Fv2%2Fcategories&post=49809"},{"taxonomy":"post_tag","embeddable":true,"href":"https:\/\/hablemosclarotdf.com.ar\/index.php?rest_route=%2Fwp%2Fv2%2Ftags&post=49809"}],"curies":[{"name":"wp","href":"https:\/\/api.w.org\/{rel}","templated":true}]}}