{"id":49803,"date":"2025-09-06T17:07:03","date_gmt":"2025-09-06T20:07:03","guid":{"rendered":"https:\/\/hablemosclarotdf.com.ar\/?p=49803"},"modified":"2025-09-06T17:07:03","modified_gmt":"2025-09-06T20:07:03","slug":"nuevo-relevamiento-provincial-de-interpretes-de-lengua-de-senas-argentina-lsa","status":"publish","type":"post","link":"https:\/\/hablemosclarotdf.com.ar\/?p=49803","title":{"rendered":"NUEVO RELEVAMIENTO PROVINCIAL DE INT\u00c9RPRETES DE LENGUA DE SE\u00d1AS ARGENTINA (LSA)"},"content":{"rendered":"<p>El Gobierno de Tierra del Fuego AeIAS impulsa la actualizaci\u00f3n del relevamiento provincial de Int\u00e9rpretes de Lengua de Se\u00f1as Argentina (LSA) iniciado en 2021.<\/p>\n<p>Teniendo en cuenta que la accesibilidad comunicacional es un derecho y una condici\u00f3n esencial para la plena ciudadan\u00eda, se considera fundamental poder contar con informaci\u00f3n actualizada que permita planificar pol\u00edticas p\u00fablicas inclusivas y fortalecer la comunicaci\u00f3n en diferentes espacios sociales.<\/p>\n<p>El objetivo es reconocer, identificar y recopilar informaci\u00f3n sobre nuevos int\u00e9rpretes en la provincia de Tierra del Fuego AeIAS. Por ello se invita a quienes ejercen como Int\u00e9rprete de Lengua de Se\u00f1as Argentina a registrarse a trav\u00e9s del siguiente link, hasta el 10 de septiembre.<\/p>\n<p>http:\/\/bit.ly\/4nlASSB<\/p>\n","protected":false},"excerpt":{"rendered":"<p>El Gobierno de Tierra del Fuego AeIAS impulsa la actualizaci\u00f3n del relevamiento provincial de Int\u00e9rpretes&#8230;<\/p>\n","protected":false},"author":1,"featured_media":49804,"comment_status":"closed","ping_status":"closed","sticky":false,"template":"","format":"standard","meta":{"footnotes":""},"categories":[3],"tags":[],"class_list":["post-49803","post","type-post","status-publish","format-standard","has-post-thumbnail","hentry","category-noticias"],"jetpack_featured_media_url":"https:\/\/hablemosclarotdf.com.ar\/wp-content\/uploads\/2025\/09\/photo_2025-09-06_17-05-49.jpg","_links":{"self":[{"href":"https:\/\/hablemosclarotdf.com.ar\/index.php?rest_route=\/wp\/v2\/posts\/49803","targetHints":{"allow":["GET"]}}],"collection":[{"href":"https:\/\/hablemosclarotdf.com.ar\/index.php?rest_route=\/wp\/v2\/posts"}],"about":[{"href":"https:\/\/hablemosclarotdf.com.ar\/index.php?rest_route=\/wp\/v2\/types\/post"}],"author":[{"embeddable":true,"href":"https:\/\/hablemosclarotdf.com.ar\/index.php?rest_route=\/wp\/v2\/users\/1"}],"replies":[{"embeddable":true,"href":"https:\/\/hablemosclarotdf.com.ar\/index.php?rest_route=%2Fwp%2Fv2%2Fcomments&post=49803"}],"version-history":[{"count":1,"href":"https:\/\/hablemosclarotdf.com.ar\/index.php?rest_route=\/wp\/v2\/posts\/49803\/revisions"}],"predecessor-version":[{"id":49805,"href":"https:\/\/hablemosclarotdf.com.ar\/index.php?rest_route=\/wp\/v2\/posts\/49803\/revisions\/49805"}],"wp:featuredmedia":[{"embeddable":true,"href":"https:\/\/hablemosclarotdf.com.ar\/index.php?rest_route=\/wp\/v2\/media\/49804"}],"wp:attachment":[{"href":"https:\/\/hablemosclarotdf.com.ar\/index.php?rest_route=%2Fwp%2Fv2%2Fmedia&parent=49803"}],"wp:term":[{"taxonomy":"category","embeddable":true,"href":"https:\/\/hablemosclarotdf.com.ar\/index.php?rest_route=%2Fwp%2Fv2%2Fcategories&post=49803"},{"taxonomy":"post_tag","embeddable":true,"href":"https:\/\/hablemosclarotdf.com.ar\/index.php?rest_route=%2Fwp%2Fv2%2Ftags&post=49803"}],"curies":[{"name":"wp","href":"https:\/\/api.w.org\/{rel}","templated":true}]}}