{"id":49800,"date":"2025-09-06T17:03:49","date_gmt":"2025-09-06T20:03:49","guid":{"rendered":"https:\/\/hablemosclarotdf.com.ar\/?p=49800"},"modified":"2025-09-06T17:03:49","modified_gmt":"2025-09-06T20:03:49","slug":"rio-grande-se-parte-de-la-5-expo-juventudes","status":"publish","type":"post","link":"https:\/\/hablemosclarotdf.com.ar\/?p=49800","title":{"rendered":"RIO GRANDE : S\u00c9 PARTE DE LA 5\u00b0 EXPO JUVENTUDES"},"content":{"rendered":"<p>El Municipio de R\u00edo Grande invita a las vecinas y vecinos a disfrutar de una amplia agenda de actividades que se desarrollan este fin de semana en el Polideportivo Carlos Margalot. Estas propuestas acercan espacios de encuentro, recreaci\u00f3n y oportunidades para toda la comunidad.<\/p>\n<p>Desde el s\u00e1bado 6 y hasta el domingo 7 de septiembre, de 11 a 20 horas, en el gimnasio principal se lleva adelante la 5\u00b0 Expo Juventudes, una propuesta consolidada que busca potenciar el esp\u00edritu emprendedor de las y los j\u00f3venes riograndenses. All\u00ed se presentan emprendimientos de distintos rubros, adem\u00e1s de clases abiertas de cocina, bartender, skincare, automaquillaje y percusi\u00f3n; cortes solidarios y m\u00fasica en vivo, en un espacio pensado para compartir, aprender y disfrutar.<\/p>\n<p>En paralelo, el domingo 7 de septiembre, tambi\u00e9n de 11 a 20 horas, en el Anexo del Polideportivo, El Mercado en tu Barrio acompa\u00f1a a la Expo Juventudes, ofreciendo a las familias productos frescos y de calidad a precios accesibles en carnicer\u00eda, poller\u00eda, verduler\u00eda, distribuidora y art\u00edculos de limpieza.<\/p>\n<p>De esta manera, el Municipio de R\u00edo Grande propone durante todo el fin de semana diversas opciones para el esparcimiento, la participaci\u00f3n y el desarrollo comunitario, reafirmando su compromiso con la juventud, el emprendedurismo y la inclusi\u00f3n.<\/p>\n","protected":false},"excerpt":{"rendered":"<p>El Municipio de R\u00edo Grande invita a las vecinas y vecinos a disfrutar de una&#8230;<\/p>\n","protected":false},"author":1,"featured_media":49801,"comment_status":"closed","ping_status":"closed","sticky":false,"template":"","format":"standard","meta":{"footnotes":""},"categories":[3],"tags":[],"class_list":["post-49800","post","type-post","status-publish","format-standard","has-post-thumbnail","hentry","category-noticias"],"jetpack_featured_media_url":"https:\/\/hablemosclarotdf.com.ar\/wp-content\/uploads\/2025\/09\/photo_2025-09-06_17-03-19.jpg","_links":{"self":[{"href":"https:\/\/hablemosclarotdf.com.ar\/index.php?rest_route=\/wp\/v2\/posts\/49800","targetHints":{"allow":["GET"]}}],"collection":[{"href":"https:\/\/hablemosclarotdf.com.ar\/index.php?rest_route=\/wp\/v2\/posts"}],"about":[{"href":"https:\/\/hablemosclarotdf.com.ar\/index.php?rest_route=\/wp\/v2\/types\/post"}],"author":[{"embeddable":true,"href":"https:\/\/hablemosclarotdf.com.ar\/index.php?rest_route=\/wp\/v2\/users\/1"}],"replies":[{"embeddable":true,"href":"https:\/\/hablemosclarotdf.com.ar\/index.php?rest_route=%2Fwp%2Fv2%2Fcomments&post=49800"}],"version-history":[{"count":1,"href":"https:\/\/hablemosclarotdf.com.ar\/index.php?rest_route=\/wp\/v2\/posts\/49800\/revisions"}],"predecessor-version":[{"id":49802,"href":"https:\/\/hablemosclarotdf.com.ar\/index.php?rest_route=\/wp\/v2\/posts\/49800\/revisions\/49802"}],"wp:featuredmedia":[{"embeddable":true,"href":"https:\/\/hablemosclarotdf.com.ar\/index.php?rest_route=\/wp\/v2\/media\/49801"}],"wp:attachment":[{"href":"https:\/\/hablemosclarotdf.com.ar\/index.php?rest_route=%2Fwp%2Fv2%2Fmedia&parent=49800"}],"wp:term":[{"taxonomy":"category","embeddable":true,"href":"https:\/\/hablemosclarotdf.com.ar\/index.php?rest_route=%2Fwp%2Fv2%2Fcategories&post=49800"},{"taxonomy":"post_tag","embeddable":true,"href":"https:\/\/hablemosclarotdf.com.ar\/index.php?rest_route=%2Fwp%2Fv2%2Ftags&post=49800"}],"curies":[{"name":"wp","href":"https:\/\/api.w.org\/{rel}","templated":true}]}}