{"id":49745,"date":"2025-09-06T13:01:06","date_gmt":"2025-09-06T16:01:06","guid":{"rendered":"https:\/\/hablemosclarotdf.com.ar\/?p=49745"},"modified":"2025-09-06T13:01:06","modified_gmt":"2025-09-06T16:01:06","slug":"rio-grande-este-lunes-abren-las-inscripciones-para-participar-del-pre-cosquin-2026","status":"publish","type":"post","link":"https:\/\/hablemosclarotdf.com.ar\/?p=49745","title":{"rendered":"RIO GRANDE : ESTE LUNES ABREN LAS INSCRIPCIONES PARA PARTICIPAR DEL \u201cPRE COSQU\u00cdN 2026\u201d"},"content":{"rendered":"<p>R\u00edo Grande es la sede selectiva m\u00e1s austral de este importante evento desde hace m\u00e1s de 30 a\u00f1os. Artistas de toda la regi\u00f3n podr\u00e1n participar de esta etapa preliminar para ser parte del festival mayor del folklore en la ciudad de C\u00f3rdoba ingresando al siguiente link https:\/\/cultura.riogrande.gob.ar\/. Las inscripciones estar\u00e1n abiertas a partir del 8 de septiembre.<\/p>\n<p>En una nueva edici\u00f3n del gran festival \u201cPre Cosqu\u00edn 2026\u201d en su 54\u00b0 certamen para nuevos valores, el Municipio de R\u00edo Grande, a trav\u00e9s de la Subsecretar\u00eda de Cultura, invita a los y las artistas del folklore de nuestra regi\u00f3n a ser parte de la competencia que se llevar\u00e1 a cabo el pr\u00f3ximo 1 y 2 de noviembre en nuestra Casa de la Cultura (Elcano 179).<\/p>\n<p>Las y los interesados, deber\u00e1n a trav\u00e9s de la p\u00e1gina web de la Subsecretar\u00eda de Cultura https:\/\/cultura.riogrande.gob.ar\/ donde deber\u00e1n completar el formulario con todos los datos personales, junto a las bases y condiciones. El mismo estar\u00e1 habilitado a partir del pr\u00f3ximo lunes 8 de septiembre.<\/p>\n<p>Es de mencionar que, durante la gesti\u00f3n del intendente Mart\u00edn Perez se acompa\u00f1a a los artistas locales en el desarrollo de sus carreras profesionales. En esta nueva edici\u00f3n, al igual que en ediciones anteriores, se ofrecer\u00e1 a los participantes ganadores alojamiento en un hotel que dispone de sala de ensayo, comidas, seguro m\u00e9dico, y un equipo de personal encargado exclusivamente de su acreditaci\u00f3n.<\/p>\n<p>De esta manera, el Estado Municipal trabaja d\u00eda a d\u00eda para acompa\u00f1ar a los y las artistas que representan a nuestra ciudad y que difunden la cultura riograndense en todo el pa\u00eds<\/p>\n","protected":false},"excerpt":{"rendered":"<p>R\u00edo Grande es la sede selectiva m\u00e1s austral de este importante evento desde hace m\u00e1s&#8230;<\/p>\n","protected":false},"author":1,"featured_media":49746,"comment_status":"closed","ping_status":"closed","sticky":false,"template":"","format":"standard","meta":{"footnotes":""},"categories":[3],"tags":[],"class_list":["post-49745","post","type-post","status-publish","format-standard","has-post-thumbnail","hentry","category-noticias"],"jetpack_featured_media_url":"https:\/\/hablemosclarotdf.com.ar\/wp-content\/uploads\/2025\/09\/photo_2025-09-06_12-52-33.jpg","_links":{"self":[{"href":"https:\/\/hablemosclarotdf.com.ar\/index.php?rest_route=\/wp\/v2\/posts\/49745","targetHints":{"allow":["GET"]}}],"collection":[{"href":"https:\/\/hablemosclarotdf.com.ar\/index.php?rest_route=\/wp\/v2\/posts"}],"about":[{"href":"https:\/\/hablemosclarotdf.com.ar\/index.php?rest_route=\/wp\/v2\/types\/post"}],"author":[{"embeddable":true,"href":"https:\/\/hablemosclarotdf.com.ar\/index.php?rest_route=\/wp\/v2\/users\/1"}],"replies":[{"embeddable":true,"href":"https:\/\/hablemosclarotdf.com.ar\/index.php?rest_route=%2Fwp%2Fv2%2Fcomments&post=49745"}],"version-history":[{"count":1,"href":"https:\/\/hablemosclarotdf.com.ar\/index.php?rest_route=\/wp\/v2\/posts\/49745\/revisions"}],"predecessor-version":[{"id":49747,"href":"https:\/\/hablemosclarotdf.com.ar\/index.php?rest_route=\/wp\/v2\/posts\/49745\/revisions\/49747"}],"wp:featuredmedia":[{"embeddable":true,"href":"https:\/\/hablemosclarotdf.com.ar\/index.php?rest_route=\/wp\/v2\/media\/49746"}],"wp:attachment":[{"href":"https:\/\/hablemosclarotdf.com.ar\/index.php?rest_route=%2Fwp%2Fv2%2Fmedia&parent=49745"}],"wp:term":[{"taxonomy":"category","embeddable":true,"href":"https:\/\/hablemosclarotdf.com.ar\/index.php?rest_route=%2Fwp%2Fv2%2Fcategories&post=49745"},{"taxonomy":"post_tag","embeddable":true,"href":"https:\/\/hablemosclarotdf.com.ar\/index.php?rest_route=%2Fwp%2Fv2%2Ftags&post=49745"}],"curies":[{"name":"wp","href":"https:\/\/api.w.org\/{rel}","templated":true}]}}