{"id":49735,"date":"2025-09-06T12:47:11","date_gmt":"2025-09-06T15:47:11","guid":{"rendered":"https:\/\/hablemosclarotdf.com.ar\/?p=49735"},"modified":"2025-09-06T12:47:11","modified_gmt":"2025-09-06T15:47:11","slug":"rio-grande-vivi-un-nuevo-fin-de-semana-con-distintas-actividades","status":"publish","type":"post","link":"https:\/\/hablemosclarotdf.com.ar\/?p=49735","title":{"rendered":"RIO GRANDE : VIV\u00cd UN NUEVO FIN DE SEMANA CON DISTINTAS ACTIVIDADES"},"content":{"rendered":"<p>EXPO IT 2025: INNOVACI\u00d3N Y TECNOLOG\u00cdA EN LA CIUDAD<\/p>\n<p>En el marco del 5\u00b0 Congreso IT, se realizar\u00e1 la Expo IT 2025 el viernes 5 y s\u00e1bado 6 de septiembre en el Polideportivo \u201cCarlos Margalot\u201d, un espacio abierto a toda la comunidad que reunir\u00e1 stands interactivos, experiencias inmersivas y proyectos vinculados a la innovaci\u00f3n y la econom\u00eda del conocimiento.<\/p>\n<p>\u201cRGA ALIMENTOS\u201d EN EL PASEO CANTO DEL VIENTO<\/p>\n<p>El viernes y s\u00e1bado, el punto de venta, el cual est\u00e1 ubicado en Fagnano 650, abre sus puertas al p\u00fablico de 10 a 20 horas; mientras que el domingo el horario ser\u00e1 de 10 a 13 horas. Durante el fin de semana los y las riograndenses podr\u00e1n adquirir pollos frescos de la marca local \u201cRGA Alimentos\u201d y alimentos de productores locales como pescado y huevos.<\/p>\n<p>VISIT\u00c1 EL MUSEO MUNICIPAL VIRGINIA CHOQUINTEL<\/p>\n<p>De lunes a viernes de 9 a 17 horas, el Museo abre sus puertas, mientras que los s\u00e1bados la jornada comienza de 15 a 18 horas, en Alberdi 555. En este espacio cultural, vecinos y vecinas aprender\u00e1n sobre la Causa Malvinas; los pueblos originarios; el \u00e1rea de Ciencias Naturales con la biodiversidad fueguina; los ambientes marinos y terrestres; el sector de Historia con los principales sucesos hist\u00f3ricos de la ciudad y otros aspectos que son parte de nuestra identidad riograndense. Asimismo, estar\u00e1 disponible la muestra interactiva &#8220;Ruta de estrellas&#8221;, en el marco de los 90 a\u00f1os de la llegada del 1\u00b0 vuelo de la Aeroposta Argentina a R\u00edo Grande.<\/p>\n<p>RECITALES IMPERDIBLES TE ESPERAN EN LA PANTALLA DEL \u201cPARQUE DE LOS 100 A\u00d1OS\u201d<\/p>\n<p>A partir de las 22 horas, durante este fin de semana, en el Parque de los 100 A\u00f1os, vecinos y vecinas podr\u00e1n disfrutar de un amplio repertorio musical, a trav\u00e9s de la pantalla. El viernes se proyectar\u00e1 La Mona &#8211; Un Poco de Ruido; el s\u00e1bado se podr\u00e1 disfrutar de \u201cUn Poco de Ruido en el Movistar Arena\u201d. Mientras que el domingo se transmitir\u00e1 \u201cLos Tabaleros\u201d. Quienes asistan en veh\u00edculo podr\u00e1n sintonizar el audio desde la radio en el dial 89.5.<\/p>\n<p>LLEGA UNA NUEVA EDICI\u00d3N DE LA \u201cEXPO JUVENTUDES\u201d<\/p>\n<p>El evento es muy esperado por las y los j\u00f3venes de R\u00edo Grande. Se llevar\u00e1 a cabo este s\u00e1bado 6 y domingo 7 de septiembre, de 11 a 20 horas, en el gimnasio principal del Polideportivo Carlos Margalot. Habr\u00e1 patio de comida, emprendimientos de diferentes rubros, clases abiertas y n\u00fameros art\u00edsticos en vivo.<\/p>\n<p>\u201cEL MERCADO EN TU BARRIO\u201d ESTAR\u00c1 EN CHACRA II<\/p>\n<p>Este s\u00e1bado 6 y domingo 7 de septiembre, de 11 a 20 horas, se llevar\u00e1 a cabo una nueva edici\u00f3n de \u201cEl mercado en tu barrio\u201d que tendr\u00e1 lugar en el Anexo del Polideportivo Carlos Margalot (Prefectura Naval 670). Se trata de una iniciativa que ofrece la posibilidad de que las y los riograndenses accedan a una variada canasta de alimentos y art\u00edculos esenciales.<\/p>\n<p>PRIMAVERA EN EL PASEO<\/p>\n<p>Con la llegada de la temporada m\u00e1s colorida del a\u00f1o, el Paseo \u201cCanto del Viento\u201d (Fagnano 650) abrir\u00e1 sus puertas este s\u00e1bado 6 y domingo 7 de septiembre, de 16 a 20 horas, para que los vecinos y vecinas puedan disfrutar de un entretenido recorrido que incluye stands de emprendedores locales, artesanos y manualistas de nuestra ciudad.<\/p>\n","protected":false},"excerpt":{"rendered":"<p>EXPO IT 2025: INNOVACI\u00d3N Y TECNOLOG\u00cdA EN LA CIUDAD En el marco del 5\u00b0 Congreso&#8230;<\/p>\n","protected":false},"author":1,"featured_media":49736,"comment_status":"closed","ping_status":"closed","sticky":false,"template":"","format":"standard","meta":{"footnotes":""},"categories":[3],"tags":[],"class_list":["post-49735","post","type-post","status-publish","format-standard","has-post-thumbnail","hentry","category-noticias"],"jetpack_featured_media_url":"https:\/\/hablemosclarotdf.com.ar\/wp-content\/uploads\/2025\/09\/photo_2025-09-06_12-46-40.jpg","_links":{"self":[{"href":"https:\/\/hablemosclarotdf.com.ar\/index.php?rest_route=\/wp\/v2\/posts\/49735","targetHints":{"allow":["GET"]}}],"collection":[{"href":"https:\/\/hablemosclarotdf.com.ar\/index.php?rest_route=\/wp\/v2\/posts"}],"about":[{"href":"https:\/\/hablemosclarotdf.com.ar\/index.php?rest_route=\/wp\/v2\/types\/post"}],"author":[{"embeddable":true,"href":"https:\/\/hablemosclarotdf.com.ar\/index.php?rest_route=\/wp\/v2\/users\/1"}],"replies":[{"embeddable":true,"href":"https:\/\/hablemosclarotdf.com.ar\/index.php?rest_route=%2Fwp%2Fv2%2Fcomments&post=49735"}],"version-history":[{"count":1,"href":"https:\/\/hablemosclarotdf.com.ar\/index.php?rest_route=\/wp\/v2\/posts\/49735\/revisions"}],"predecessor-version":[{"id":49737,"href":"https:\/\/hablemosclarotdf.com.ar\/index.php?rest_route=\/wp\/v2\/posts\/49735\/revisions\/49737"}],"wp:featuredmedia":[{"embeddable":true,"href":"https:\/\/hablemosclarotdf.com.ar\/index.php?rest_route=\/wp\/v2\/media\/49736"}],"wp:attachment":[{"href":"https:\/\/hablemosclarotdf.com.ar\/index.php?rest_route=%2Fwp%2Fv2%2Fmedia&parent=49735"}],"wp:term":[{"taxonomy":"category","embeddable":true,"href":"https:\/\/hablemosclarotdf.com.ar\/index.php?rest_route=%2Fwp%2Fv2%2Fcategories&post=49735"},{"taxonomy":"post_tag","embeddable":true,"href":"https:\/\/hablemosclarotdf.com.ar\/index.php?rest_route=%2Fwp%2Fv2%2Ftags&post=49735"}],"curies":[{"name":"wp","href":"https:\/\/api.w.org\/{rel}","templated":true}]}}