{"id":49728,"date":"2025-09-06T12:45:07","date_gmt":"2025-09-06T15:45:07","guid":{"rendered":"https:\/\/hablemosclarotdf.com.ar\/?p=49728"},"modified":"2025-09-06T12:45:07","modified_gmt":"2025-09-06T15:45:07","slug":"rjo-grande-el-municipio-celebro-el-mes-de-las-infancias-con-una-propuesta-accesible","status":"publish","type":"post","link":"https:\/\/hablemosclarotdf.com.ar\/?p=49728","title":{"rendered":"RJO GRANDE : EL MUNICIPIO CELEBR\u00d3 EL MES DE LAS INFANCIAS CON UNA PROPUESTA ACCESIBLE"},"content":{"rendered":"<p>La jornada fue especialmente pensada para ni\u00f1as y ni\u00f1os con diversidad funcional y sus familias para que disfruten de un espacio de juego accesible, respetuoso y libre de sobrecarga sensorial en R\u00edo Grande.<\/p>\n<p>En el marco del Mes de las Infancias, el Municipio de R\u00edo Grande llev\u00f3 adelante el cierre de las jornadas de &#8220;Diversi\u00f3n en Grande&#8221;, destinada a infancias y familias que transitan la diversidad funcional. La misma se desarroll\u00f3 el s\u00e1bado 30 de agosto en el Gimnasio Juan Manuel de Rosas y cont\u00f3 con la participaci\u00f3n de alrededor de 80 ni\u00f1os y ni\u00f1as que disfrutaron de juegos, sorteos y diversas propuestas l\u00fadicas orientadas a promover la recreaci\u00f3n y el encuentro en comunidad.<\/p>\n<p>La iniciativa fue organizada de manera conjunta por las Secretar\u00edas de G\u00e9nero y Desarrollo Comunitario, Gesti\u00f3n Ciudadana y la Agencia de Deportes, Cultura y Turismo. Su realizaci\u00f3n responde al di\u00e1logo permanente con las familias, quienes destacan la importancia de contar con entornos seguros y adaptados a las necesidades de cada ni\u00f1o y ni\u00f1a.<\/p>\n<p>Durante la jornada, muchas familias se sumaron con disfraces y accesorios divertidos, aportando color y alegr\u00eda a la celebraci\u00f3n.<\/p>\n<p>Con este tipo de propuestas, el Municipio de R\u00edo Grande reafirma su compromiso de acompa\u00f1ar a las familias y seguir construyendo, durante todo el a\u00f1o, una ciudad m\u00e1s accesible, inclusiva y emp\u00e1tica.<\/p>\n<p><img loading=\"lazy\" decoding=\"async\" class=\"alignnone size-medium wp-image-49730\" src=\"https:\/\/hablemosclarotdf.com.ar\/wp-content\/uploads\/2025\/09\/photo_2025-09-06_12-43-47-300x200.jpg\" alt=\"\" width=\"300\" height=\"200\" srcset=\"https:\/\/hablemosclarotdf.com.ar\/wp-content\/uploads\/2025\/09\/photo_2025-09-06_12-43-47-300x200.jpg 300w, https:\/\/hablemosclarotdf.com.ar\/wp-content\/uploads\/2025\/09\/photo_2025-09-06_12-43-47-1024x682.jpg 1024w, https:\/\/hablemosclarotdf.com.ar\/wp-content\/uploads\/2025\/09\/photo_2025-09-06_12-43-47-768x512.jpg 768w, https:\/\/hablemosclarotdf.com.ar\/wp-content\/uploads\/2025\/09\/photo_2025-09-06_12-43-47-1536x1023.jpg 1536w, https:\/\/hablemosclarotdf.com.ar\/wp-content\/uploads\/2025\/09\/photo_2025-09-06_12-43-47.jpg 1600w\" sizes=\"auto, (max-width: 300px) 100vw, 300px\" \/> <img loading=\"lazy\" decoding=\"async\" class=\"alignnone size-medium wp-image-49731\" src=\"https:\/\/hablemosclarotdf.com.ar\/wp-content\/uploads\/2025\/09\/photo_2025-09-06_12-43-50-300x200.jpg\" alt=\"\" width=\"300\" height=\"200\" srcset=\"https:\/\/hablemosclarotdf.com.ar\/wp-content\/uploads\/2025\/09\/photo_2025-09-06_12-43-50-300x200.jpg 300w, https:\/\/hablemosclarotdf.com.ar\/wp-content\/uploads\/2025\/09\/photo_2025-09-06_12-43-50-1024x682.jpg 1024w, https:\/\/hablemosclarotdf.com.ar\/wp-content\/uploads\/2025\/09\/photo_2025-09-06_12-43-50-768x512.jpg 768w, https:\/\/hablemosclarotdf.com.ar\/wp-content\/uploads\/2025\/09\/photo_2025-09-06_12-43-50-1536x1023.jpg 1536w, https:\/\/hablemosclarotdf.com.ar\/wp-content\/uploads\/2025\/09\/photo_2025-09-06_12-43-50.jpg 1600w\" sizes=\"auto, (max-width: 300px) 100vw, 300px\" \/> <img loading=\"lazy\" decoding=\"async\" class=\"alignnone size-medium wp-image-49732\" src=\"https:\/\/hablemosclarotdf.com.ar\/wp-content\/uploads\/2025\/09\/photo_2025-09-06_12-43-54-300x200.jpg\" alt=\"\" width=\"300\" height=\"200\" srcset=\"https:\/\/hablemosclarotdf.com.ar\/wp-content\/uploads\/2025\/09\/photo_2025-09-06_12-43-54-300x200.jpg 300w, https:\/\/hablemosclarotdf.com.ar\/wp-content\/uploads\/2025\/09\/photo_2025-09-06_12-43-54-1024x682.jpg 1024w, https:\/\/hablemosclarotdf.com.ar\/wp-content\/uploads\/2025\/09\/photo_2025-09-06_12-43-54-768x512.jpg 768w, https:\/\/hablemosclarotdf.com.ar\/wp-content\/uploads\/2025\/09\/photo_2025-09-06_12-43-54-1536x1023.jpg 1536w, https:\/\/hablemosclarotdf.com.ar\/wp-content\/uploads\/2025\/09\/photo_2025-09-06_12-43-54.jpg 1600w\" sizes=\"auto, (max-width: 300px) 100vw, 300px\" \/> <img loading=\"lazy\" decoding=\"async\" class=\"alignnone size-medium wp-image-49733\" src=\"https:\/\/hablemosclarotdf.com.ar\/wp-content\/uploads\/2025\/09\/photo_2025-09-06_12-43-57-300x200.jpg\" alt=\"\" width=\"300\" height=\"200\" srcset=\"https:\/\/hablemosclarotdf.com.ar\/wp-content\/uploads\/2025\/09\/photo_2025-09-06_12-43-57-300x200.jpg 300w, https:\/\/hablemosclarotdf.com.ar\/wp-content\/uploads\/2025\/09\/photo_2025-09-06_12-43-57-1024x682.jpg 1024w, https:\/\/hablemosclarotdf.com.ar\/wp-content\/uploads\/2025\/09\/photo_2025-09-06_12-43-57-768x512.jpg 768w, https:\/\/hablemosclarotdf.com.ar\/wp-content\/uploads\/2025\/09\/photo_2025-09-06_12-43-57-1536x1023.jpg 1536w, https:\/\/hablemosclarotdf.com.ar\/wp-content\/uploads\/2025\/09\/photo_2025-09-06_12-43-57.jpg 1600w\" sizes=\"auto, (max-width: 300px) 100vw, 300px\" \/><\/p>\n","protected":false},"excerpt":{"rendered":"<p>La jornada fue especialmente pensada para ni\u00f1as y ni\u00f1os con diversidad funcional y sus familias&#8230;<\/p>\n","protected":false},"author":1,"featured_media":49729,"comment_status":"closed","ping_status":"closed","sticky":false,"template":"","format":"standard","meta":{"footnotes":""},"categories":[3],"tags":[],"class_list":["post-49728","post","type-post","status-publish","format-standard","has-post-thumbnail","hentry","category-noticias"],"jetpack_featured_media_url":"https:\/\/hablemosclarotdf.com.ar\/wp-content\/uploads\/2025\/09\/photo_2025-09-06_12-43-23.jpg","_links":{"self":[{"href":"https:\/\/hablemosclarotdf.com.ar\/index.php?rest_route=\/wp\/v2\/posts\/49728","targetHints":{"allow":["GET"]}}],"collection":[{"href":"https:\/\/hablemosclarotdf.com.ar\/index.php?rest_route=\/wp\/v2\/posts"}],"about":[{"href":"https:\/\/hablemosclarotdf.com.ar\/index.php?rest_route=\/wp\/v2\/types\/post"}],"author":[{"embeddable":true,"href":"https:\/\/hablemosclarotdf.com.ar\/index.php?rest_route=\/wp\/v2\/users\/1"}],"replies":[{"embeddable":true,"href":"https:\/\/hablemosclarotdf.com.ar\/index.php?rest_route=%2Fwp%2Fv2%2Fcomments&post=49728"}],"version-history":[{"count":1,"href":"https:\/\/hablemosclarotdf.com.ar\/index.php?rest_route=\/wp\/v2\/posts\/49728\/revisions"}],"predecessor-version":[{"id":49734,"href":"https:\/\/hablemosclarotdf.com.ar\/index.php?rest_route=\/wp\/v2\/posts\/49728\/revisions\/49734"}],"wp:featuredmedia":[{"embeddable":true,"href":"https:\/\/hablemosclarotdf.com.ar\/index.php?rest_route=\/wp\/v2\/media\/49729"}],"wp:attachment":[{"href":"https:\/\/hablemosclarotdf.com.ar\/index.php?rest_route=%2Fwp%2Fv2%2Fmedia&parent=49728"}],"wp:term":[{"taxonomy":"category","embeddable":true,"href":"https:\/\/hablemosclarotdf.com.ar\/index.php?rest_route=%2Fwp%2Fv2%2Fcategories&post=49728"},{"taxonomy":"post_tag","embeddable":true,"href":"https:\/\/hablemosclarotdf.com.ar\/index.php?rest_route=%2Fwp%2Fv2%2Ftags&post=49728"}],"curies":[{"name":"wp","href":"https:\/\/api.w.org\/{rel}","templated":true}]}}