{"id":49650,"date":"2025-09-05T10:54:16","date_gmt":"2025-09-05T13:54:16","guid":{"rendered":"https:\/\/hablemosclarotdf.com.ar\/?p=49650"},"modified":"2025-09-05T10:54:16","modified_gmt":"2025-09-05T13:54:16","slug":"cultura-provincial-celebra-la-exhibicion-1995-el-ano-que-nos-tapo-la-nieve-con-una-actividad-especial","status":"publish","type":"post","link":"https:\/\/hablemosclarotdf.com.ar\/?p=49650","title":{"rendered":"CULTURA PROVINCIAL CELEBRA LA EXHIBICI\u00d3N &#8220;1995, EL A\u00d1O QUE NOS TAP\u00d3 LA NIEVE&#8221; CON UNA ACTIVIDAD ESPECIAL"},"content":{"rendered":"<p>La Secretar\u00eda de Cultura de la Provincia invita a la comunidad a participar de una actividad especial en el marco de la exhibici\u00f3n &#8220;1995, EL A\u00d1O QUE NOS TAP\u00d3 LA NIEVE&#8221;, en la ciudad de Ushuaia.<\/p>\n<p>El evento se llevar\u00e1 a cabo el s\u00e1bado 6 de septiembre a las 19 h. en la sede de la Secretar\u00eda de Cultura, ubicada en Gob. Deloqui 1465, con entrada libre y gratuita.<\/p>\n<p>La jornada, que ofrecer\u00e1 explorar esta propuesta art\u00edstica que reflexiona sobre un momento clave en la historia provincial y nacional, comenzar\u00e1 con una visita guiada a cargo del artista Maximiliano L\u00f3pez y la curadora Mar\u00eda Laura Ise, y continuar\u00e1 con la proyecci\u00f3n del documental &#8220;Semana Santa del \u00b495&#8221;, una producci\u00f3n original de la Direcci\u00f3n de Producci\u00f3n Audiovisual de la Universidad Nacional de Tierra Del Fuego. Este film aborda la represi\u00f3n policial ocurrida en 1995 en Tierra del Fuego, y contar\u00e1 con la presencia de sus realizadores, quienes participar\u00e1n en una charla con los asistentes.<\/p>\n<p>Despu\u00e9s de haber sido exhibida en el Museo Fueguino de Arte Nin\u00ed Bernardello en R\u00edo Grande y en la Secretar\u00eda de Cultura en Ushuaia, esta exposici\u00f3n permite que los sucesos del a\u00f1o 1995 sean retratados desde dos lenguajes art\u00edsticos complementarios.<\/p>\n<p>En este sentido, la muestra de Maximiliano L\u00f3pez \u2014seleccionada en el concurso Tangible en el marco de los 40 a\u00f1os de Democracia\u2014 es un ejercicio de memoria que ha sido reconocido en el Festival Cine en Grande y en el Sal\u00f3n Nacional de Artes Visuales.<\/p>\n<p>Por su parte, el documental de la UNTDF, calificado para mayores de 16 a\u00f1os, busca preservar la memoria colectiva de uno de los acontecimientos m\u00e1s significativos de la provincia.<\/p>\n<p>Para m\u00e1s informaci\u00f3n visitar las redes sociales de @conocimientotdf.<\/p>\n","protected":false},"excerpt":{"rendered":"<p>La Secretar\u00eda de Cultura de la Provincia invita a la comunidad a participar de una&#8230;<\/p>\n","protected":false},"author":1,"featured_media":49651,"comment_status":"closed","ping_status":"closed","sticky":false,"template":"","format":"standard","meta":{"footnotes":""},"categories":[3],"tags":[],"class_list":["post-49650","post","type-post","status-publish","format-standard","has-post-thumbnail","hentry","category-noticias"],"jetpack_featured_media_url":"https:\/\/hablemosclarotdf.com.ar\/wp-content\/uploads\/2025\/09\/photo_2025-09-05_10-53-18.jpg","_links":{"self":[{"href":"https:\/\/hablemosclarotdf.com.ar\/index.php?rest_route=\/wp\/v2\/posts\/49650","targetHints":{"allow":["GET"]}}],"collection":[{"href":"https:\/\/hablemosclarotdf.com.ar\/index.php?rest_route=\/wp\/v2\/posts"}],"about":[{"href":"https:\/\/hablemosclarotdf.com.ar\/index.php?rest_route=\/wp\/v2\/types\/post"}],"author":[{"embeddable":true,"href":"https:\/\/hablemosclarotdf.com.ar\/index.php?rest_route=\/wp\/v2\/users\/1"}],"replies":[{"embeddable":true,"href":"https:\/\/hablemosclarotdf.com.ar\/index.php?rest_route=%2Fwp%2Fv2%2Fcomments&post=49650"}],"version-history":[{"count":1,"href":"https:\/\/hablemosclarotdf.com.ar\/index.php?rest_route=\/wp\/v2\/posts\/49650\/revisions"}],"predecessor-version":[{"id":49652,"href":"https:\/\/hablemosclarotdf.com.ar\/index.php?rest_route=\/wp\/v2\/posts\/49650\/revisions\/49652"}],"wp:featuredmedia":[{"embeddable":true,"href":"https:\/\/hablemosclarotdf.com.ar\/index.php?rest_route=\/wp\/v2\/media\/49651"}],"wp:attachment":[{"href":"https:\/\/hablemosclarotdf.com.ar\/index.php?rest_route=%2Fwp%2Fv2%2Fmedia&parent=49650"}],"wp:term":[{"taxonomy":"category","embeddable":true,"href":"https:\/\/hablemosclarotdf.com.ar\/index.php?rest_route=%2Fwp%2Fv2%2Fcategories&post=49650"},{"taxonomy":"post_tag","embeddable":true,"href":"https:\/\/hablemosclarotdf.com.ar\/index.php?rest_route=%2Fwp%2Fv2%2Ftags&post=49650"}],"curies":[{"name":"wp","href":"https:\/\/api.w.org\/{rel}","templated":true}]}}