{"id":49601,"date":"2025-09-04T20:10:04","date_gmt":"2025-09-04T23:10:04","guid":{"rendered":"https:\/\/hablemosclarotdf.com.ar\/?p=49601"},"modified":"2025-09-04T20:10:04","modified_gmt":"2025-09-04T23:10:04","slug":"ushuaia-la-municipalidad-participo-del-acto-por-el-dia-nacional-del-inmigrante","status":"publish","type":"post","link":"https:\/\/hablemosclarotdf.com.ar\/?p=49601","title":{"rendered":"USHUAIA : LA MUNICIPALIDAD  PARTICIP\u00d3 DEL ACTO POR EL \u201cD\u00cdA NACIONAL DEL INMIGRANTE\u201d"},"content":{"rendered":"<p>La ceremonia se llev\u00f3 adelante en la Plazoleta del Monumento al Inmigrante<\/p>\n<p>La Municipalidad de Ushuaia particip\u00f3, en la Plazoleta del Monumento al Inmigrante, del acto por el \u201cD\u00eda Nacional del Inmigrante\u201d junto a Fuerzas Armadas, de Seguridad, Ex-Combatientes, autoridades del Gobierno Provincial, representantes de las diversas colectividades y vecinos y vecinas.<br \/>\nDe la ceremonia participaron la Asociaci\u00f3n de Colectividades Extranjeras de Ushuaia (ACEDU), la secretaria de Cultura y Educaci\u00f3n, Bel\u00e9n Molina, el secretario de Relaciones Parlamentarias y Articulaci\u00f3n Pol\u00edtica, Omar Becerra y el concejal Nicol\u00e1s Pelloli. Dicho acto, conmemora cada 4 de septiembre por el Decreto N\u00b0 21.430 establecido por Per\u00f3n en el a\u00f1o 1949, la llegada de migrantes durante el Primer Triunvirato en 1812. Asimismo, durante la jornada se realizaron entrega de certificados de reconocimiento a vecinos y vecinas por su papel como referentes dentro de las diversas colectividades.<br \/>\nOmar Becerra detall\u00f3 que \u201ccelebramos en esta jornada la diversidad, riqueza cultural y fusi\u00f3n de costumbres que las y los inmigrantes han aportado en la construcci\u00f3n colectiva de nuestra identidad. Desde la gesti\u00f3n municipal, abrazamos a todas y todos aquellos que han elegido nuestras tierras para forjar su futuro con sue\u00f1os y esperanzas\u201d.<br \/>\nPor su parte la presidenta de ACEDU, Ana Mar\u00eda Manzur, record\u00f3 que \u201cen este d\u00eda, recordamos a nuestros abuelos, abuelas, padres, madres y familias que decidieron abandonar su tierra natal en la b\u00fasqueda de un futuro m\u00e1s pr\u00f3spero en Argentina y Ushuaia. Desde la Asociaci\u00f3n de Colectividades Extranjeras de Ushuaia, celebramos esta identidad del migrante, manteniendo la historia viva desde la cultura, la danza y las comidas\u201d.<\/p>\n<p><img loading=\"lazy\" decoding=\"async\" class=\"alignnone size-medium wp-image-49603\" src=\"https:\/\/hablemosclarotdf.com.ar\/wp-content\/uploads\/2025\/09\/photo_2025-09-04_20-08-16-300x215.jpg\" alt=\"\" width=\"300\" height=\"215\" srcset=\"https:\/\/hablemosclarotdf.com.ar\/wp-content\/uploads\/2025\/09\/photo_2025-09-04_20-08-16-300x215.jpg 300w, https:\/\/hablemosclarotdf.com.ar\/wp-content\/uploads\/2025\/09\/photo_2025-09-04_20-08-16-1024x734.jpg 1024w, https:\/\/hablemosclarotdf.com.ar\/wp-content\/uploads\/2025\/09\/photo_2025-09-04_20-08-16-768x551.jpg 768w, https:\/\/hablemosclarotdf.com.ar\/wp-content\/uploads\/2025\/09\/photo_2025-09-04_20-08-16.jpg 1280w\" sizes=\"auto, (max-width: 300px) 100vw, 300px\" \/> <img loading=\"lazy\" decoding=\"async\" class=\"alignnone size-medium wp-image-49604\" src=\"https:\/\/hablemosclarotdf.com.ar\/wp-content\/uploads\/2025\/09\/photo_2025-09-04_20-08-21-300x193.jpg\" alt=\"\" width=\"300\" height=\"193\" srcset=\"https:\/\/hablemosclarotdf.com.ar\/wp-content\/uploads\/2025\/09\/photo_2025-09-04_20-08-21-300x193.jpg 300w, https:\/\/hablemosclarotdf.com.ar\/wp-content\/uploads\/2025\/09\/photo_2025-09-04_20-08-21-1024x659.jpg 1024w, https:\/\/hablemosclarotdf.com.ar\/wp-content\/uploads\/2025\/09\/photo_2025-09-04_20-08-21-768x494.jpg 768w, https:\/\/hablemosclarotdf.com.ar\/wp-content\/uploads\/2025\/09\/photo_2025-09-04_20-08-21-1115x715.jpg 1115w, https:\/\/hablemosclarotdf.com.ar\/wp-content\/uploads\/2025\/09\/photo_2025-09-04_20-08-21.jpg 1280w\" sizes=\"auto, (max-width: 300px) 100vw, 300px\" \/> <img loading=\"lazy\" decoding=\"async\" class=\"alignnone size-medium wp-image-49605\" src=\"https:\/\/hablemosclarotdf.com.ar\/wp-content\/uploads\/2025\/09\/photo_2025-09-04_20-08-32-300x193.jpg\" alt=\"\" width=\"300\" height=\"193\" srcset=\"https:\/\/hablemosclarotdf.com.ar\/wp-content\/uploads\/2025\/09\/photo_2025-09-04_20-08-32-300x193.jpg 300w, https:\/\/hablemosclarotdf.com.ar\/wp-content\/uploads\/2025\/09\/photo_2025-09-04_20-08-32-1024x658.jpg 1024w, https:\/\/hablemosclarotdf.com.ar\/wp-content\/uploads\/2025\/09\/photo_2025-09-04_20-08-32-768x493.jpg 768w, https:\/\/hablemosclarotdf.com.ar\/wp-content\/uploads\/2025\/09\/photo_2025-09-04_20-08-32-1115x715.jpg 1115w, https:\/\/hablemosclarotdf.com.ar\/wp-content\/uploads\/2025\/09\/photo_2025-09-04_20-08-32.jpg 1280w\" sizes=\"auto, (max-width: 300px) 100vw, 300px\" \/> <img loading=\"lazy\" decoding=\"async\" class=\"alignnone size-medium wp-image-49606\" src=\"https:\/\/hablemosclarotdf.com.ar\/wp-content\/uploads\/2025\/09\/photo_2025-09-04_20-08-36-300x188.jpg\" alt=\"\" width=\"300\" height=\"188\" srcset=\"https:\/\/hablemosclarotdf.com.ar\/wp-content\/uploads\/2025\/09\/photo_2025-09-04_20-08-36-300x188.jpg 300w, https:\/\/hablemosclarotdf.com.ar\/wp-content\/uploads\/2025\/09\/photo_2025-09-04_20-08-36-1024x642.jpg 1024w, https:\/\/hablemosclarotdf.com.ar\/wp-content\/uploads\/2025\/09\/photo_2025-09-04_20-08-36-768x481.jpg 768w, https:\/\/hablemosclarotdf.com.ar\/wp-content\/uploads\/2025\/09\/photo_2025-09-04_20-08-36-800x500.jpg 800w, https:\/\/hablemosclarotdf.com.ar\/wp-content\/uploads\/2025\/09\/photo_2025-09-04_20-08-36-540x340.jpg 540w, https:\/\/hablemosclarotdf.com.ar\/wp-content\/uploads\/2025\/09\/photo_2025-09-04_20-08-36-400x250.jpg 400w, https:\/\/hablemosclarotdf.com.ar\/wp-content\/uploads\/2025\/09\/photo_2025-09-04_20-08-36.jpg 1280w\" sizes=\"auto, (max-width: 300px) 100vw, 300px\" \/> <img loading=\"lazy\" decoding=\"async\" class=\"alignnone size-medium wp-image-49607\" src=\"https:\/\/hablemosclarotdf.com.ar\/wp-content\/uploads\/2025\/09\/photo_2025-09-04_20-08-41-300x185.jpg\" alt=\"\" width=\"300\" height=\"185\" srcset=\"https:\/\/hablemosclarotdf.com.ar\/wp-content\/uploads\/2025\/09\/photo_2025-09-04_20-08-41-300x185.jpg 300w, https:\/\/hablemosclarotdf.com.ar\/wp-content\/uploads\/2025\/09\/photo_2025-09-04_20-08-41-1024x631.jpg 1024w, https:\/\/hablemosclarotdf.com.ar\/wp-content\/uploads\/2025\/09\/photo_2025-09-04_20-08-41-768x473.jpg 768w, https:\/\/hablemosclarotdf.com.ar\/wp-content\/uploads\/2025\/09\/photo_2025-09-04_20-08-41.jpg 1280w\" sizes=\"auto, (max-width: 300px) 100vw, 300px\" \/><\/p>\n","protected":false},"excerpt":{"rendered":"<p>La ceremonia se llev\u00f3 adelante en la Plazoleta del Monumento al Inmigrante La Municipalidad de&#8230;<\/p>\n","protected":false},"author":1,"featured_media":49602,"comment_status":"closed","ping_status":"closed","sticky":false,"template":"","format":"standard","meta":{"footnotes":""},"categories":[3],"tags":[],"class_list":["post-49601","post","type-post","status-publish","format-standard","has-post-thumbnail","hentry","category-noticias"],"jetpack_featured_media_url":"https:\/\/hablemosclarotdf.com.ar\/wp-content\/uploads\/2025\/09\/photo_2025-09-04_20-08-10.jpg","_links":{"self":[{"href":"https:\/\/hablemosclarotdf.com.ar\/index.php?rest_route=\/wp\/v2\/posts\/49601","targetHints":{"allow":["GET"]}}],"collection":[{"href":"https:\/\/hablemosclarotdf.com.ar\/index.php?rest_route=\/wp\/v2\/posts"}],"about":[{"href":"https:\/\/hablemosclarotdf.com.ar\/index.php?rest_route=\/wp\/v2\/types\/post"}],"author":[{"embeddable":true,"href":"https:\/\/hablemosclarotdf.com.ar\/index.php?rest_route=\/wp\/v2\/users\/1"}],"replies":[{"embeddable":true,"href":"https:\/\/hablemosclarotdf.com.ar\/index.php?rest_route=%2Fwp%2Fv2%2Fcomments&post=49601"}],"version-history":[{"count":1,"href":"https:\/\/hablemosclarotdf.com.ar\/index.php?rest_route=\/wp\/v2\/posts\/49601\/revisions"}],"predecessor-version":[{"id":49608,"href":"https:\/\/hablemosclarotdf.com.ar\/index.php?rest_route=\/wp\/v2\/posts\/49601\/revisions\/49608"}],"wp:featuredmedia":[{"embeddable":true,"href":"https:\/\/hablemosclarotdf.com.ar\/index.php?rest_route=\/wp\/v2\/media\/49602"}],"wp:attachment":[{"href":"https:\/\/hablemosclarotdf.com.ar\/index.php?rest_route=%2Fwp%2Fv2%2Fmedia&parent=49601"}],"wp:term":[{"taxonomy":"category","embeddable":true,"href":"https:\/\/hablemosclarotdf.com.ar\/index.php?rest_route=%2Fwp%2Fv2%2Fcategories&post=49601"},{"taxonomy":"post_tag","embeddable":true,"href":"https:\/\/hablemosclarotdf.com.ar\/index.php?rest_route=%2Fwp%2Fv2%2Ftags&post=49601"}],"curies":[{"name":"wp","href":"https:\/\/api.w.org\/{rel}","templated":true}]}}