{"id":49593,"date":"2025-09-04T16:55:15","date_gmt":"2025-09-04T19:55:15","guid":{"rendered":"https:\/\/hablemosclarotdf.com.ar\/?p=49593"},"modified":"2025-09-04T16:55:15","modified_gmt":"2025-09-04T19:55:15","slug":"rio-grande-emprendedoras-agradecieron-el-acompanamiento-del-municipio","status":"publish","type":"post","link":"https:\/\/hablemosclarotdf.com.ar\/?p=49593","title":{"rendered":"RIO GRANDE : EMPRENDEDORAS AGRADECIERON EL ACOMPA\u00d1AMIENTO DEL MUNICIPIO"},"content":{"rendered":"<p>Fue en el marco de una nueva entrega del programa municipal \u201cMujeres emprendedoras\u201d. Vecinas de R\u00edo Grande reconocieron la importancia del acompa\u00f1amiento a los emprendimientos y la oportunidad de capacitarse, lo cual les permite continuar su trabajo y ampliar su negocio.<\/p>\n<p>Durante la 14\u00b0 entrega del programa Municipal \u201cMujeres emprendedoras\u201d, 70 mujeres de nuestra ciudad recibieron acompa\u00f1amiento econ\u00f3mico y se certificaron en la formaci\u00f3n \u201cModelo de Negocio Canva\u201d, una propuesta que se realiz\u00f3 durante 3 meses en pos de que sigan adquiriendo herramientas para sus emprendimientos.<\/p>\n<p>Daira, quien produce y distribuye bolsas de lienzo de diferentes medidas, comparti\u00f3 que \u201ccomenc\u00e9 con accesorios, despu\u00e9s, con las bolsas, encontr\u00e9 una opci\u00f3n m\u00e1s segura\u201d y agreg\u00f3 que \u201ccon este acompa\u00f1amiento econ\u00f3mico me permite aumentar mi stock y sostener a mi hijo\u201d.<\/p>\n<p>Por su parte, Desir\u00e9 es manicura hace 8 a\u00f1os y destac\u00f3 que \u201cel programa \u201cMujeres Emprendedoras\u201d es muy importante porque me permiti\u00f3 conocer a otras mujeres que transitan diferentes situaciones\u201d. Asimismo, indic\u00f3 que su expectativa \u201ces seguir creciendo en mi emprendimiento&#8221; y agradeci\u00f3 &#8220;el apoyo que nos brinda el Municipio a las emprendedoras\u201d.<\/p>\n<p>\u201cAl principio mi formaci\u00f3n fue autodidacta, despu\u00e9s me inscrib\u00ed a este programa donde aprend\u00ed mucho y hoy estoy agradecida por el acompa\u00f1amiento que me brindan\u201d dado que \u201ces un gran impulso para m\u00ed, para mi negocio y mi familia\u201d, afirm\u00f3 Cristina, quien realiza depilaci\u00f3n y es jefa de hogar.<\/p>\n<p>Nicole, emprendedora de impresiones, se\u00f1al\u00f3 que \u201ccomenc\u00e9 con un curso de impresi\u00f3n con el objetivo de hacer copias y se fue ampliando a otras posibilidades\u201d, por lo cual destac\u00f3 que \u201cpara m\u00ed fue importante la orientaci\u00f3n que recib\u00ed durante el taller ya que me permiti\u00f3 crecer en mis proyectos\u201d. En ese sentido, valor\u00f3 \u201cel apoyo econ\u00f3mico que brinda el Municipio para seguir acompa\u00f1ando a las emprendedoras como yo, este es un medio para abrirnos nuevas puertas y atravesar las dificultades econ\u00f3micas\u201d.<\/p>\n<p>El Estado Municipal contin\u00faa con esta pol\u00edtica p\u00fablica en pos de seguir acompa\u00f1ando a las mujeres de R\u00edo Grande para que fortalezcan sus proyectos y su autonom\u00eda econ\u00f3mica.<\/p>\n<p><img loading=\"lazy\" decoding=\"async\" class=\"alignnone size-medium wp-image-49595\" src=\"https:\/\/hablemosclarotdf.com.ar\/wp-content\/uploads\/2025\/09\/photo_2025-09-04_16-53-46-300x200.jpg\" alt=\"\" width=\"300\" height=\"200\" srcset=\"https:\/\/hablemosclarotdf.com.ar\/wp-content\/uploads\/2025\/09\/photo_2025-09-04_16-53-46-300x200.jpg 300w, https:\/\/hablemosclarotdf.com.ar\/wp-content\/uploads\/2025\/09\/photo_2025-09-04_16-53-46-1024x683.jpg 1024w, https:\/\/hablemosclarotdf.com.ar\/wp-content\/uploads\/2025\/09\/photo_2025-09-04_16-53-46-768x512.jpg 768w, https:\/\/hablemosclarotdf.com.ar\/wp-content\/uploads\/2025\/09\/photo_2025-09-04_16-53-46.jpg 1500w\" sizes=\"auto, (max-width: 300px) 100vw, 300px\" \/> <img loading=\"lazy\" decoding=\"async\" class=\"alignnone size-medium wp-image-49596\" src=\"https:\/\/hablemosclarotdf.com.ar\/wp-content\/uploads\/2025\/09\/photo_2025-09-04_16-53-51-300x200.jpg\" alt=\"\" width=\"300\" height=\"200\" srcset=\"https:\/\/hablemosclarotdf.com.ar\/wp-content\/uploads\/2025\/09\/photo_2025-09-04_16-53-51-300x200.jpg 300w, https:\/\/hablemosclarotdf.com.ar\/wp-content\/uploads\/2025\/09\/photo_2025-09-04_16-53-51-1024x683.jpg 1024w, https:\/\/hablemosclarotdf.com.ar\/wp-content\/uploads\/2025\/09\/photo_2025-09-04_16-53-51-768x512.jpg 768w, https:\/\/hablemosclarotdf.com.ar\/wp-content\/uploads\/2025\/09\/photo_2025-09-04_16-53-51.jpg 1500w\" sizes=\"auto, (max-width: 300px) 100vw, 300px\" \/><\/p>\n","protected":false},"excerpt":{"rendered":"<p>Fue en el marco de una nueva entrega del programa municipal \u201cMujeres emprendedoras\u201d. Vecinas de&#8230;<\/p>\n","protected":false},"author":1,"featured_media":49594,"comment_status":"closed","ping_status":"closed","sticky":false,"template":"","format":"standard","meta":{"footnotes":""},"categories":[3],"tags":[],"class_list":["post-49593","post","type-post","status-publish","format-standard","has-post-thumbnail","hentry","category-noticias"],"jetpack_featured_media_url":"https:\/\/hablemosclarotdf.com.ar\/wp-content\/uploads\/2025\/09\/photo_2025-09-04_16-53-42.jpg","_links":{"self":[{"href":"https:\/\/hablemosclarotdf.com.ar\/index.php?rest_route=\/wp\/v2\/posts\/49593","targetHints":{"allow":["GET"]}}],"collection":[{"href":"https:\/\/hablemosclarotdf.com.ar\/index.php?rest_route=\/wp\/v2\/posts"}],"about":[{"href":"https:\/\/hablemosclarotdf.com.ar\/index.php?rest_route=\/wp\/v2\/types\/post"}],"author":[{"embeddable":true,"href":"https:\/\/hablemosclarotdf.com.ar\/index.php?rest_route=\/wp\/v2\/users\/1"}],"replies":[{"embeddable":true,"href":"https:\/\/hablemosclarotdf.com.ar\/index.php?rest_route=%2Fwp%2Fv2%2Fcomments&post=49593"}],"version-history":[{"count":1,"href":"https:\/\/hablemosclarotdf.com.ar\/index.php?rest_route=\/wp\/v2\/posts\/49593\/revisions"}],"predecessor-version":[{"id":49597,"href":"https:\/\/hablemosclarotdf.com.ar\/index.php?rest_route=\/wp\/v2\/posts\/49593\/revisions\/49597"}],"wp:featuredmedia":[{"embeddable":true,"href":"https:\/\/hablemosclarotdf.com.ar\/index.php?rest_route=\/wp\/v2\/media\/49594"}],"wp:attachment":[{"href":"https:\/\/hablemosclarotdf.com.ar\/index.php?rest_route=%2Fwp%2Fv2%2Fmedia&parent=49593"}],"wp:term":[{"taxonomy":"category","embeddable":true,"href":"https:\/\/hablemosclarotdf.com.ar\/index.php?rest_route=%2Fwp%2Fv2%2Fcategories&post=49593"},{"taxonomy":"post_tag","embeddable":true,"href":"https:\/\/hablemosclarotdf.com.ar\/index.php?rest_route=%2Fwp%2Fv2%2Ftags&post=49593"}],"curies":[{"name":"wp","href":"https:\/\/api.w.org\/{rel}","templated":true}]}}