{"id":49576,"date":"2025-09-04T14:08:46","date_gmt":"2025-09-04T17:08:46","guid":{"rendered":"https:\/\/hablemosclarotdf.com.ar\/?p=49576"},"modified":"2025-09-04T14:08:46","modified_gmt":"2025-09-04T17:08:46","slug":"el-gobernador-melella-y-el-ministro-tita-recibieron-a-deportistas-que-participaran-de-los-juegos-argentinos-de-alto-rendimiento","status":"publish","type":"post","link":"https:\/\/hablemosclarotdf.com.ar\/?p=49576","title":{"rendered":"EL GOBERNADOR MELELLA Y EL MINISTRO TITA RECIBIERON A DEPORTISTAS QUE PARTICIPAR\u00c1N DE LOS JUEGOS ARGENTINOS DE ALTO RENDIMIENTO"},"content":{"rendered":"<p>El Gobernador de Tierra del Fuego AIAS, Gustavo Melella, recibi\u00f3 en R\u00edo Grande a deportistas fueguinos que viajar\u00e1n a competir en la primera edici\u00f3n de los JADAR (Juegos Argentinos de Alto Rendimiento) donde participar\u00e1n los mejores atletas del pa\u00eds. V\u00eda remota desde Casa de Gobierno en Ushuaia particip\u00f3 el Ministro Jefe de Gabinete, Agust\u00edn Tita junto a deportistas de esa ciudad.<\/p>\n<p>Melella felicit\u00f3 a los y las j\u00f3venes por el esfuerzo y por representar a la Provincia en una competencia de tan alto nivel. Tambi\u00e9n los invit\u00f3 a ser multiplicadores de la pr\u00e1ctica del deporte y de los valores que se cultivan en estas actividades.<\/p>\n<p>Los Juegos Argentinos de Alto Rendimiento, organizados por el Comit\u00e9 Ol\u00edmpico Argentino y el Comit\u00e9 Paral\u00edmpico Argentino, reunir\u00e1n a m\u00e1s de 3.000 atletas que participar\u00e1n en m\u00e1s de 50 disciplinas. La primera edici\u00f3n se desarrollar\u00e1 en Rosario entre el 9 y el 14 de septiembre. Este ser\u00e1 el inicio del nuevo calendario Ol\u00edmpico y antesala de los Juegos Odesur 2026.<\/p>\n<p>El pr\u00f3ximo martes tendr\u00e1 inicio la competencia con la presencia de la delegaci\u00f3n de Tierra del Fuego representada por Diana Ojeda y Dar\u00edo Jurado (Ajedrez), Horacio Miranda h. (Lucha Ol\u00edmpica), Malena Roche &#8211; Uriel Pe\u00f1a &#8211; Yamila Olibera &#8211; Fern\u00e1n Navarro (Levantamiento Ol\u00edmpico), Natalia Fern\u00e1ndez &#8211; Elias Gonzalez &#8211; Camila Villordo &#8211; Santino Molina (Taekwondo), Luca Avellaneda &#8211; Mariano Coto Bersier (Judo), Renata Godoy (Atletismo), Mahia Alonso (Para Atletismo) y Athina Gonz\u00e1lez Ciavarella (Esgrima). Estar\u00e1n acompa\u00f1ados por entrenadores y personal de la Secretar\u00eda de Deportes de la Provincia.<\/p>\n<p>El debut para los fueguinos se producir\u00e1 en el Museo de Rosario el pr\u00f3ximo martes 9 y mi\u00e9rcoles 10 con la presentaci\u00f3n de los ajedrecistas Dar\u00edo Jurado y Diana Ojeda quienes intervendr\u00e1n en formato Blitz, R\u00e1pidas, FreeXstyle 960 Blitz y freeXstyle 960 Rapid.<\/p>\n<p>El mismo mi\u00e9rcoles se concretar\u00e1 el debut de Luca Avellaneda (hasta 60 kilos) y Mariano Coto Bersier (hasta 90 kilos) en el Pabell\u00f3n B del Predio Ferial.<\/p>\n<p>M\u00e1s adelante, en simult\u00e1neo, llegar\u00e1 el debut para los fueguinos de taekwondo y lucha ol\u00edmpica con Elias Gonz\u00e1lez (hasta 58 kilos y Horacio Miranda (h), respectivamente.<\/p>\n<p>Por su parte el s\u00e1bado 13 habr\u00e1 m\u00faltiple actividad en la Pista Municipal de Atletismo donde Renata Godoy competir\u00e1 en 100 metros con vallas, a la vez que Mahia Alonso har\u00e1 lo propio en salto en largo y 100 metros llanos de Para-Atletismo. Tambi\u00e9n se abrir\u00e1 la participaci\u00f3n de Natalia Fern\u00e1ndez (hasta 57 kilos) en taekwondo, de Athina Gonz\u00e1lez Ciavarella en la modalidad florete de esgrima y de representantes de levantamiento ol\u00edmpico.<\/p>\n<p>El \u00faltimo d\u00eda de competencia ser\u00e1 el domingo 14. Repetir\u00e1n levantamiento ol\u00edmpico, atletismo (Renata Godoy y Mahia Alonso) y taekwondo con Santino Molina (hasta 80 kilos) y Camila Villordo (m\u00e1s de 67 kilos). Durante la misma jornada se realizar\u00e1 la ceremonia de clausura.<br \/>\nEn simult\u00e1neo a la competencia se llevar\u00e1 adelante un Congreso JADAR 2025 en el Auditorio del Club Atl\u00e9tico Provincial de Rosario, con paneles y disertaciones de autoridades y deportistas argentinos destacados.<\/p>\n<p>Luego de la reuni\u00f3n el Gobernador y el Ministro Jefe de Gabinete entregaron a los deportistas banderas de la Provincia. Acompa\u00f1aron el Secretario de Deportes, Mat\u00edas Run\u00edn, el Subsecretario de Deportes, Gabriel Coto y la Subsecretaria de Deportes Zona Sur, Natalia Mu\u00f1oz.<\/p>\n<p><img loading=\"lazy\" decoding=\"async\" class=\"alignnone size-medium wp-image-49578\" src=\"https:\/\/hablemosclarotdf.com.ar\/wp-content\/uploads\/2025\/09\/photo_2025-09-04_14-05-03-300x200.jpg\" alt=\"\" width=\"300\" height=\"200\" srcset=\"https:\/\/hablemosclarotdf.com.ar\/wp-content\/uploads\/2025\/09\/photo_2025-09-04_14-05-03-300x200.jpg 300w, https:\/\/hablemosclarotdf.com.ar\/wp-content\/uploads\/2025\/09\/photo_2025-09-04_14-05-03-1024x683.jpg 1024w, https:\/\/hablemosclarotdf.com.ar\/wp-content\/uploads\/2025\/09\/photo_2025-09-04_14-05-03-768x512.jpg 768w, https:\/\/hablemosclarotdf.com.ar\/wp-content\/uploads\/2025\/09\/photo_2025-09-04_14-05-03.jpg 1280w\" sizes=\"auto, (max-width: 300px) 100vw, 300px\" \/> <img loading=\"lazy\" decoding=\"async\" class=\"alignnone size-medium wp-image-49579\" src=\"https:\/\/hablemosclarotdf.com.ar\/wp-content\/uploads\/2025\/09\/photo_2025-09-04_14-05-07-300x200.jpg\" alt=\"\" width=\"300\" height=\"200\" srcset=\"https:\/\/hablemosclarotdf.com.ar\/wp-content\/uploads\/2025\/09\/photo_2025-09-04_14-05-07-300x200.jpg 300w, https:\/\/hablemosclarotdf.com.ar\/wp-content\/uploads\/2025\/09\/photo_2025-09-04_14-05-07-1024x684.jpg 1024w, https:\/\/hablemosclarotdf.com.ar\/wp-content\/uploads\/2025\/09\/photo_2025-09-04_14-05-07-768x513.jpg 768w, https:\/\/hablemosclarotdf.com.ar\/wp-content\/uploads\/2025\/09\/photo_2025-09-04_14-05-07.jpg 1280w\" sizes=\"auto, (max-width: 300px) 100vw, 300px\" \/> <img loading=\"lazy\" decoding=\"async\" class=\"alignnone size-medium wp-image-49580\" src=\"https:\/\/hablemosclarotdf.com.ar\/wp-content\/uploads\/2025\/09\/photo_2025-09-04_14-05-12-300x200.jpg\" alt=\"\" width=\"300\" height=\"200\" srcset=\"https:\/\/hablemosclarotdf.com.ar\/wp-content\/uploads\/2025\/09\/photo_2025-09-04_14-05-12-300x200.jpg 300w, https:\/\/hablemosclarotdf.com.ar\/wp-content\/uploads\/2025\/09\/photo_2025-09-04_14-05-12-1024x684.jpg 1024w, https:\/\/hablemosclarotdf.com.ar\/wp-content\/uploads\/2025\/09\/photo_2025-09-04_14-05-12-768x513.jpg 768w, https:\/\/hablemosclarotdf.com.ar\/wp-content\/uploads\/2025\/09\/photo_2025-09-04_14-05-12.jpg 1280w\" sizes=\"auto, (max-width: 300px) 100vw, 300px\" \/> <img loading=\"lazy\" decoding=\"async\" class=\"alignnone size-medium wp-image-49581\" src=\"https:\/\/hablemosclarotdf.com.ar\/wp-content\/uploads\/2025\/09\/photo_2025-09-04_14-05-17-300x200.jpg\" alt=\"\" width=\"300\" height=\"200\" srcset=\"https:\/\/hablemosclarotdf.com.ar\/wp-content\/uploads\/2025\/09\/photo_2025-09-04_14-05-17-300x200.jpg 300w, https:\/\/hablemosclarotdf.com.ar\/wp-content\/uploads\/2025\/09\/photo_2025-09-04_14-05-17-1024x684.jpg 1024w, https:\/\/hablemosclarotdf.com.ar\/wp-content\/uploads\/2025\/09\/photo_2025-09-04_14-05-17-768x513.jpg 768w, https:\/\/hablemosclarotdf.com.ar\/wp-content\/uploads\/2025\/09\/photo_2025-09-04_14-05-17.jpg 1280w\" sizes=\"auto, (max-width: 300px) 100vw, 300px\" \/> <img loading=\"lazy\" decoding=\"async\" class=\"alignnone size-medium wp-image-49582\" src=\"https:\/\/hablemosclarotdf.com.ar\/wp-content\/uploads\/2025\/09\/photo_2025-09-04_14-05-24-300x200.jpg\" alt=\"\" width=\"300\" height=\"200\" srcset=\"https:\/\/hablemosclarotdf.com.ar\/wp-content\/uploads\/2025\/09\/photo_2025-09-04_14-05-24-300x200.jpg 300w, https:\/\/hablemosclarotdf.com.ar\/wp-content\/uploads\/2025\/09\/photo_2025-09-04_14-05-24-1024x684.jpg 1024w, https:\/\/hablemosclarotdf.com.ar\/wp-content\/uploads\/2025\/09\/photo_2025-09-04_14-05-24-768x513.jpg 768w, https:\/\/hablemosclarotdf.com.ar\/wp-content\/uploads\/2025\/09\/photo_2025-09-04_14-05-24.jpg 1280w\" sizes=\"auto, (max-width: 300px) 100vw, 300px\" \/> <img loading=\"lazy\" decoding=\"async\" class=\"alignnone size-medium wp-image-49583\" src=\"https:\/\/hablemosclarotdf.com.ar\/wp-content\/uploads\/2025\/09\/photo_2025-09-04_14-05-29-300x200.jpg\" alt=\"\" width=\"300\" height=\"200\" srcset=\"https:\/\/hablemosclarotdf.com.ar\/wp-content\/uploads\/2025\/09\/photo_2025-09-04_14-05-29-300x200.jpg 300w, https:\/\/hablemosclarotdf.com.ar\/wp-content\/uploads\/2025\/09\/photo_2025-09-04_14-05-29-1024x684.jpg 1024w, https:\/\/hablemosclarotdf.com.ar\/wp-content\/uploads\/2025\/09\/photo_2025-09-04_14-05-29-768x513.jpg 768w, https:\/\/hablemosclarotdf.com.ar\/wp-content\/uploads\/2025\/09\/photo_2025-09-04_14-05-29.jpg 1280w\" sizes=\"auto, (max-width: 300px) 100vw, 300px\" \/> <img loading=\"lazy\" decoding=\"async\" class=\"alignnone size-medium wp-image-49584\" src=\"https:\/\/hablemosclarotdf.com.ar\/wp-content\/uploads\/2025\/09\/photo_2025-09-04_14-05-37-300x200.jpg\" alt=\"\" width=\"300\" height=\"200\" srcset=\"https:\/\/hablemosclarotdf.com.ar\/wp-content\/uploads\/2025\/09\/photo_2025-09-04_14-05-37-300x200.jpg 300w, https:\/\/hablemosclarotdf.com.ar\/wp-content\/uploads\/2025\/09\/photo_2025-09-04_14-05-37-1024x684.jpg 1024w, https:\/\/hablemosclarotdf.com.ar\/wp-content\/uploads\/2025\/09\/photo_2025-09-04_14-05-37-768x513.jpg 768w, https:\/\/hablemosclarotdf.com.ar\/wp-content\/uploads\/2025\/09\/photo_2025-09-04_14-05-37.jpg 1280w\" sizes=\"auto, (max-width: 300px) 100vw, 300px\" \/> <img loading=\"lazy\" decoding=\"async\" class=\"alignnone size-medium wp-image-49585\" src=\"https:\/\/hablemosclarotdf.com.ar\/wp-content\/uploads\/2025\/09\/photo_2025-09-04_14-05-41-300x200.jpg\" alt=\"\" width=\"300\" height=\"200\" srcset=\"https:\/\/hablemosclarotdf.com.ar\/wp-content\/uploads\/2025\/09\/photo_2025-09-04_14-05-41-300x200.jpg 300w, https:\/\/hablemosclarotdf.com.ar\/wp-content\/uploads\/2025\/09\/photo_2025-09-04_14-05-41-1024x683.jpg 1024w, https:\/\/hablemosclarotdf.com.ar\/wp-content\/uploads\/2025\/09\/photo_2025-09-04_14-05-41-768x512.jpg 768w, https:\/\/hablemosclarotdf.com.ar\/wp-content\/uploads\/2025\/09\/photo_2025-09-04_14-05-41.jpg 1280w\" sizes=\"auto, (max-width: 300px) 100vw, 300px\" \/> <img loading=\"lazy\" decoding=\"async\" class=\"alignnone size-medium wp-image-49586\" src=\"https:\/\/hablemosclarotdf.com.ar\/wp-content\/uploads\/2025\/09\/photo_2025-09-04_14-05-44-300x200.jpg\" alt=\"\" width=\"300\" height=\"200\" srcset=\"https:\/\/hablemosclarotdf.com.ar\/wp-content\/uploads\/2025\/09\/photo_2025-09-04_14-05-44-300x200.jpg 300w, https:\/\/hablemosclarotdf.com.ar\/wp-content\/uploads\/2025\/09\/photo_2025-09-04_14-05-44-1024x683.jpg 1024w, https:\/\/hablemosclarotdf.com.ar\/wp-content\/uploads\/2025\/09\/photo_2025-09-04_14-05-44-768x512.jpg 768w, https:\/\/hablemosclarotdf.com.ar\/wp-content\/uploads\/2025\/09\/photo_2025-09-04_14-05-44.jpg 1280w\" sizes=\"auto, (max-width: 300px) 100vw, 300px\" \/> <img loading=\"lazy\" decoding=\"async\" class=\"alignnone size-medium wp-image-49587\" src=\"https:\/\/hablemosclarotdf.com.ar\/wp-content\/uploads\/2025\/09\/photo_2025-09-04_14-05-49-300x200.jpg\" alt=\"\" width=\"300\" height=\"200\" srcset=\"https:\/\/hablemosclarotdf.com.ar\/wp-content\/uploads\/2025\/09\/photo_2025-09-04_14-05-49-300x200.jpg 300w, https:\/\/hablemosclarotdf.com.ar\/wp-content\/uploads\/2025\/09\/photo_2025-09-04_14-05-49-1024x683.jpg 1024w, https:\/\/hablemosclarotdf.com.ar\/wp-content\/uploads\/2025\/09\/photo_2025-09-04_14-05-49-768x512.jpg 768w, https:\/\/hablemosclarotdf.com.ar\/wp-content\/uploads\/2025\/09\/photo_2025-09-04_14-05-49.jpg 1280w\" sizes=\"auto, (max-width: 300px) 100vw, 300px\" \/> <img loading=\"lazy\" decoding=\"async\" class=\"alignnone size-medium wp-image-49588\" src=\"https:\/\/hablemosclarotdf.com.ar\/wp-content\/uploads\/2025\/09\/photo_2025-09-04_14-05-54-300x200.jpg\" alt=\"\" width=\"300\" height=\"200\" srcset=\"https:\/\/hablemosclarotdf.com.ar\/wp-content\/uploads\/2025\/09\/photo_2025-09-04_14-05-54-300x200.jpg 300w, https:\/\/hablemosclarotdf.com.ar\/wp-content\/uploads\/2025\/09\/photo_2025-09-04_14-05-54-1024x683.jpg 1024w, https:\/\/hablemosclarotdf.com.ar\/wp-content\/uploads\/2025\/09\/photo_2025-09-04_14-05-54-768x512.jpg 768w, https:\/\/hablemosclarotdf.com.ar\/wp-content\/uploads\/2025\/09\/photo_2025-09-04_14-05-54.jpg 1280w\" sizes=\"auto, (max-width: 300px) 100vw, 300px\" \/><\/p>\n","protected":false},"excerpt":{"rendered":"<p>El Gobernador de Tierra del Fuego AIAS, Gustavo Melella, recibi\u00f3 en R\u00edo Grande a deportistas&#8230;<\/p>\n","protected":false},"author":1,"featured_media":49577,"comment_status":"closed","ping_status":"closed","sticky":false,"template":"","format":"standard","meta":{"footnotes":""},"categories":[3],"tags":[],"class_list":["post-49576","post","type-post","status-publish","format-standard","has-post-thumbnail","hentry","category-noticias"],"jetpack_featured_media_url":"https:\/\/hablemosclarotdf.com.ar\/wp-content\/uploads\/2025\/09\/photo_2025-09-04_14-04-49.jpg","_links":{"self":[{"href":"https:\/\/hablemosclarotdf.com.ar\/index.php?rest_route=\/wp\/v2\/posts\/49576","targetHints":{"allow":["GET"]}}],"collection":[{"href":"https:\/\/hablemosclarotdf.com.ar\/index.php?rest_route=\/wp\/v2\/posts"}],"about":[{"href":"https:\/\/hablemosclarotdf.com.ar\/index.php?rest_route=\/wp\/v2\/types\/post"}],"author":[{"embeddable":true,"href":"https:\/\/hablemosclarotdf.com.ar\/index.php?rest_route=\/wp\/v2\/users\/1"}],"replies":[{"embeddable":true,"href":"https:\/\/hablemosclarotdf.com.ar\/index.php?rest_route=%2Fwp%2Fv2%2Fcomments&post=49576"}],"version-history":[{"count":1,"href":"https:\/\/hablemosclarotdf.com.ar\/index.php?rest_route=\/wp\/v2\/posts\/49576\/revisions"}],"predecessor-version":[{"id":49589,"href":"https:\/\/hablemosclarotdf.com.ar\/index.php?rest_route=\/wp\/v2\/posts\/49576\/revisions\/49589"}],"wp:featuredmedia":[{"embeddable":true,"href":"https:\/\/hablemosclarotdf.com.ar\/index.php?rest_route=\/wp\/v2\/media\/49577"}],"wp:attachment":[{"href":"https:\/\/hablemosclarotdf.com.ar\/index.php?rest_route=%2Fwp%2Fv2%2Fmedia&parent=49576"}],"wp:term":[{"taxonomy":"category","embeddable":true,"href":"https:\/\/hablemosclarotdf.com.ar\/index.php?rest_route=%2Fwp%2Fv2%2Fcategories&post=49576"},{"taxonomy":"post_tag","embeddable":true,"href":"https:\/\/hablemosclarotdf.com.ar\/index.php?rest_route=%2Fwp%2Fv2%2Ftags&post=49576"}],"curies":[{"name":"wp","href":"https:\/\/api.w.org\/{rel}","templated":true}]}}